{"id":94008,"date":"2018-03-16T18:42:56","date_gmt":"2018-03-16T21:42:56","guid":{"rendered":"http:\/\/diarioregionaljf.com.br\/2018\/03\/16\/planetario-da-ufjf-juiz-de-fora-mais-proximo-das-estrelas\/"},"modified":"2018-03-16T18:42:56","modified_gmt":"2018-03-16T21:42:56","slug":"planetario-da-ufjf-juiz-de-fora-mais-proximo-das-estrelas","status":"publish","type":"post","link":"https:\/\/diarioregionaldigital.com.br\/?p=94008","title":{"rendered":"Planet\u00e1rio da UFJF: Juiz de Fora mais pr\u00f3ximo das estrelas"},"content":{"rendered":"<p>Conhecer o que existe al\u00e9m das estrelas, o que ocorre em outros planetas, qual a origem de n\u00f3s mesmos, sempre foram algumas das curiosidades que acompanham a humanidade ao longo dos s\u00e9culos.<\/p>\n<p>A busca pelo conhecimento desses temas sempre foi o motor de grandes avan\u00e7os na ci\u00eancia. E a Universidade Federal de Juiz de Fora (UFJF) deu, nesta sexta-feira, 16, mais um passo para o alcance do entendimento dessas quest\u00f5es e, por que n\u00e3o, a oportunidade para o surgimento de novas d\u00favidas sobre o infinito.<\/p>\n<p>Foi inaugurado no Centro de Ci\u00eancias na UFJF, o maior planet\u00e1rio de Minas Gerais, com uma c\u00fapula de 12 metros de di\u00e2metro e equipamentos tecnol\u00f3gicos avan\u00e7ados que permitem uma viagem pelo espa\u00e7o e tempo. A estrutura oferece aos visitantes a oportunidade de imers\u00e3o a proje\u00e7\u00f5es visuais que permitem um contato com as estrelas, planetas, cometas, e outros objetos interestelares, fazendo com que o universo todo caiba dentro de uma sala.<\/p>\n<p>O coordenador de Astronomia e respons\u00e1vel pelo planet\u00e1rio, Cl\u00e1udio Teixeira, explica que no local s\u00e3o exibidos \u201cfilmes digitais abordando temas sobre a vida e astronomia, lan\u00e7ados por cinco projetores que criam um efeito 3D\u201d. Dentro da sala, o p\u00fablico conta com poltronas reclin\u00e1veis que permitem a observa\u00e7\u00e3o das proje\u00e7\u00f5es na c\u00fapula de uma forma confort\u00e1vel e que colabora ainda mais com o espet\u00e1culo.<\/p>\n<p>O equipamento utilizado na exibi\u00e7\u00e3o dos v\u00eddeos \u00e9 um projetor \u00f3ptico Skymaster ZKP 4, produzido e instalado pela empresa alem\u00e3 refer\u00eancia mundial em tecnologia \u00f3ptica e optoeletr\u00f4nica, Carl Zeiss.<\/p>\n<p><img loading=\"lazy\" decoding=\"async\" class=\" size-full wp-image-94006\" src=\"http:\/\/diarioregionaljf.com.br\/wp-content\/uploads\/2018\/03\/diario-int-25152-1.jpeg\" alt=\"projetorplanetario\" width=\"458\" height=\"258\" style=\"display: block; margin-left: auto; margin-right: auto;\" srcset=\"https:\/\/diarioregionaldigital.com.br\/wp-content\/uploads\/2018\/03\/diario-int-25152-1.jpeg 1280w, https:\/\/diarioregionaldigital.com.br\/wp-content\/uploads\/2018\/03\/diario-int-25152-1-300x169.jpeg 300w, https:\/\/diarioregionaldigital.com.br\/wp-content\/uploads\/2018\/03\/diario-int-25152-1-768x432.jpeg 768w, https:\/\/diarioregionaldigital.com.br\/wp-content\/uploads\/2018\/03\/diario-int-25152-1-1024x576.jpeg 1024w, https:\/\/diarioregionaldigital.com.br\/wp-content\/uploads\/2018\/03\/diario-int-25152-1-360x203.jpeg 360w\" sizes=\"auto, (max-width: 458px) 100vw, 458px\" \/><\/p>\n<p>Atualmente, o planet\u00e1rio exibe duas sess\u00f5es, sendo elas \u201cA origem da vida\u201d e \u201cAstronomitos\u201d. A primeira voltada para todas as idades, e a segunda indicada para o p\u00fablico infantil. Em determinado momento da experi\u00eancia \u00e9 poss\u00edvel visualizar o c\u00e9u noturno com todas as estrelas em suas posi\u00e7\u00f5es reais no espa\u00e7o. \u00c9 permitindo inclusive a observa\u00e7\u00e3o de astros que s\u00f3 poderiam ser visualizados no hemisf\u00e9rio norte ou em outros pa\u00edses, devido \u00e0 localiza\u00e7\u00e3o geogr\u00e1fica dos mesmos.<\/p>\n<p>Cl\u00e1udio tamb\u00e9m destaca os potenciais do planet\u00e1rio, refor\u00e7ando principalmente o car\u00e1ter de ensino e divulga\u00e7\u00e3o da Astronomia. \u201cVamos trabalhar em torno da vis\u00e3o planet\u00e1ria e da compreens\u00e3o do universo em que vivemos, trazendo uma consci\u00eancia humana do que \u00e9 o mundo real. O Centro de Ci\u00eancias foi criado dentro de uma perspectiva de atendimento escolar e a partir de agora, tamb\u00e9m amplia as possibilidades para a visita\u00e7\u00e3o p\u00fablica.\u201d conclui.<\/p>\n<h4>&nbsp;<\/h4>\n<h4><span style=\"font-size: 18pt;\">ESFOR\u00c7OS PARA A INAUGURA\u00c7\u00c3O<\/span><\/h4>\n<p>A inaugura\u00e7\u00e3o do planet\u00e1rio s\u00f3 foi poss\u00edvel gra\u00e7as aos esfor\u00e7os internos da UFJF, que foram destacados pelo reitor Marcus David durante a coletiva de inaugura\u00e7\u00e3o do espa\u00e7o nesta sexta-feira. De acordo com ele, a universidade \u201ctrabalhou na recupera\u00e7\u00e3o de cr\u00e9ditos perdidos e recursos solicitados em gest\u00f5es anteriores, que permitiram ent\u00e3o, a conclus\u00e3o de diversas obras, inclusive a do Centro de Ci\u00eancias.\u201d<\/p>\n<p>O reitor celebrou o planet\u00e1rio destacando a sua import\u00e2ncia para as escolas, alunos e para todo o p\u00fablico, que poder\u00e1 ter contato com uma experi\u00eancia \u00fanica.<\/p>\n<p>O Centro de Ci\u00eancia foi inaugurado em julho de 2017, entretanto, o espa\u00e7o do planet\u00e1rio n\u00e3o funcionava devido a quest\u00f5es relacionadas \u00e0 instala\u00e7\u00e3o de equipamentos e softwares. Com o tempo e diversos esfor\u00e7os foi poss\u00edvel dar celeridade a resolu\u00e7\u00e3o das quest\u00f5es tecnol\u00f3gicas e enfim, inaugur\u00e1-lo.<\/p>\n<p>Um fato que causou surpresa aos respons\u00e1veis pelas visita\u00e7\u00f5es ao Centro de Ci\u00eancias foi o de que, na abertura para inscri\u00e7\u00f5es de visita\u00e7\u00f5es ao planet\u00e1rio, todas as datas dispon\u00edveis para os pr\u00f3ximos dois meses foram ocupadas durante uma \u00fanica manh\u00e3, mostrando assim, o interesse de escolas da cidade e regi\u00e3o em torno da nova estrutura.<\/p>\n<h4>&nbsp;<\/h4>\n<h4><span style=\"font-size: 18pt;\">COMO VISITAR?<\/span><\/h4>\n<p>Com capacidade para 90 pessoas, o planet\u00e1rio estar\u00e1 aberto a visita\u00e7\u00f5es p\u00fablicas e gratuitas, a partir do pr\u00f3ximo dia 20 de mar\u00e7o, funcionando de ter\u00e7a-feira a domingo. O agendamento das visitas pode ser realizado <a href=\"http:\/\/www.ufjf.br\/centrodeciencias\/\">atrav\u00e9s do site<\/a> do Centro de Ci\u00eancias.<\/p>\n<p>A pessoa que estiver visitando o Centro, que se interesse por conhecer o planet\u00e1rio, entretanto, esteja sem agendamento pr\u00e9vio, poder\u00e1 conseguir a visita, caso alguma vaga no espa\u00e7o esteja dispon\u00edvel. O ideal, por\u00e9m, \u00e9 realizar o agendamento.<\/p>\n<p><img loading=\"lazy\" decoding=\"async\" class=\" size-full wp-image-94007\" src=\"http:\/\/diarioregionaljf.com.br\/wp-content\/uploads\/2018\/03\/diario-int-25152-2.jpeg\" alt=\"projetorpla\" width=\"457\" height=\"257\" style=\"display: block; margin-left: auto; margin-right: auto;\" srcset=\"https:\/\/diarioregionaldigital.com.br\/wp-content\/uploads\/2018\/03\/diario-int-25152-2.jpeg 1280w, https:\/\/diarioregionaldigital.com.br\/wp-content\/uploads\/2018\/03\/diario-int-25152-2-300x169.jpeg 300w, https:\/\/diarioregionaldigital.com.br\/wp-content\/uploads\/2018\/03\/diario-int-25152-2-768x432.jpeg 768w, https:\/\/diarioregionaldigital.com.br\/wp-content\/uploads\/2018\/03\/diario-int-25152-2-1024x576.jpeg 1024w, https:\/\/diarioregionaldigital.com.br\/wp-content\/uploads\/2018\/03\/diario-int-25152-2-360x203.jpeg 360w\" sizes=\"auto, (max-width: 457px) 100vw, 457px\" \/><\/p>\n","protected":false},"excerpt":{"rendered":"<p>Conhecer o que existe al\u00e9m das estrelas, o que ocorre em outros planetas, qual a origem de n\u00f3s mesmos, sempre foram algumas das curiosidades que acompanham a humanidade ao longo dos s\u00e9culos. A busca pelo conhecimento desses temas sempre foi o motor de grandes avan\u00e7os na ci\u00eancia. E a Universidade Federal de Juiz de Fora [&hellip;]<\/p>\n","protected":false},"author":96,"featured_media":94005,"comment_status":"closed","ping_status":"closed","sticky":false,"template":"","format":"standard","meta":{"footnotes":""},"categories":[253],"tags":[],"class_list":["post-94008","post","type-post","status-publish","format-standard","has-post-thumbnail","hentry","category-cidade"],"_links":{"self":[{"href":"https:\/\/diarioregionaldigital.com.br\/index.php?rest_route=\/wp\/v2\/posts\/94008","targetHints":{"allow":["GET"]}}],"collection":[{"href":"https:\/\/diarioregionaldigital.com.br\/index.php?rest_route=\/wp\/v2\/posts"}],"about":[{"href":"https:\/\/diarioregionaldigital.com.br\/index.php?rest_route=\/wp\/v2\/types\/post"}],"author":[{"embeddable":true,"href":"https:\/\/diarioregionaldigital.com.br\/index.php?rest_route=\/wp\/v2\/users\/96"}],"replies":[{"embeddable":true,"href":"https:\/\/diarioregionaldigital.com.br\/index.php?rest_route=%2Fwp%2Fv2%2Fcomments&post=94008"}],"version-history":[{"count":0,"href":"https:\/\/diarioregionaldigital.com.br\/index.php?rest_route=\/wp\/v2\/posts\/94008\/revisions"}],"wp:featuredmedia":[{"embeddable":true,"href":"https:\/\/diarioregionaldigital.com.br\/index.php?rest_route=\/wp\/v2\/media\/94005"}],"wp:attachment":[{"href":"https:\/\/diarioregionaldigital.com.br\/index.php?rest_route=%2Fwp%2Fv2%2Fmedia&parent=94008"}],"wp:term":[{"taxonomy":"category","embeddable":true,"href":"https:\/\/diarioregionaldigital.com.br\/index.php?rest_route=%2Fwp%2Fv2%2Fcategories&post=94008"},{"taxonomy":"post_tag","embeddable":true,"href":"https:\/\/diarioregionaldigital.com.br\/index.php?rest_route=%2Fwp%2Fv2%2Ftags&post=94008"}],"curies":[{"name":"wp","href":"https:\/\/api.w.org\/{rel}","templated":true}]}}