{"id":94000,"date":"2018-03-16T18:11:00","date_gmt":"2018-03-16T21:11:00","guid":{"rendered":"http:\/\/diarioregionaljf.com.br\/2018\/03\/16\/pf-abre-inquerito-para-apurar-origem-de-municao-que-matou-marielle-e-anderson\/"},"modified":"2018-03-16T18:11:00","modified_gmt":"2018-03-16T21:11:00","slug":"pf-abre-inquerito-para-apurar-origem-de-municao-que-matou-marielle-e-anderson","status":"publish","type":"post","link":"https:\/\/diarioregionaldigital.com.br\/?p=94000","title":{"rendered":"PF abre inqu\u00e9rito para apurar origem de muni\u00e7\u00e3o que matou Marielle e Anderson"},"content":{"rendered":"<p>A Pol\u00edcia Federal instaurou inqu\u00e9rito para apurar a origem das muni\u00e7\u00f5es e as circunst\u00e2ncias envolvendo as c\u00e1psulas encontradas no local onde a vereadora Marielle Franco (PSOL-RJ) e o motorista Anderson Pedro Gomes foram assassinados.<\/p>\n<p>A informa\u00e7\u00e3o foi divulgada nessa sexta-feira, 16, em nota conjunta das pol\u00edcias Federal e Civil do Rio de Janeiro, logo depois que a Rede Globo veiculou reportagem na qual afirma que a muni\u00e7\u00e3o usada no crime era de uma pistola calibre 9mm que pertencia a lotes vendidos para a Pol\u00edcia Federal (PF) de Bras\u00edlia, em 2006.<\/p>\n<p>Segundo a reportagem da TV, per\u00edcia da Divis\u00e3o de Homic\u00eddios indica que o lote da muni\u00e7\u00e3o UZZ-18 \u00e9 original e, sendo assim, n\u00e3o teria sido recarregada. A reportagem tamb\u00e9m diz que os lotes foram vendidos \u00e0 PF de Bras\u00edlia pela empresa CBC no dia 29 de dezembro de 2006, com as notas fiscais n\u00famero 220-821 e 220-822.<\/p>\n<p>A nota conjunta das pol\u00edcias informa que o inqu\u00e9rito da PF se soma \u00e0 investiga\u00e7\u00e3o conduzida pela Pol\u00edcia Civil. As duas corpora\u00e7\u00f5es reiteraram \u201co compromisso de trabalhar em conjunto para a elucida\u00e7\u00e3o de todos os fatos envolvendo os homic\u00eddios da vereadora Marielle Franco e do motorista Anderson Pedro Gomes, ocorrido na noite da \u00faltima quarta-feira, no Rio de Janeiro\u201d.<\/p>\n<p>A vereadora do PSOL Marielle Franco foi assassinada com quatro tiros na cabe\u00e7a, quando ia para casa no bairro da Tijuca. A parlamentar viajava no banco de tr\u00e1s do carro conduzido por Anderson Gomes, quando criminosos emparelharam com o carro da v\u00edtima e atiraram nove vezes. Anderson tamb\u00e9m morreu no ataque.<\/p>\n<p>Fonte: Ag\u00eancia Brasil<\/p>\n","protected":false},"excerpt":{"rendered":"<p>A Pol\u00edcia Federal instaurou inqu\u00e9rito para apurar a origem das muni\u00e7\u00f5es e as circunst\u00e2ncias envolvendo as c\u00e1psulas encontradas no local onde a vereadora Marielle Franco (PSOL-RJ) e o motorista Anderson Pedro Gomes foram assassinados. A informa\u00e7\u00e3o foi divulgada nessa sexta-feira, 16, em nota conjunta das pol\u00edcias Federal e Civil do Rio de Janeiro, logo depois [&hellip;]<\/p>\n","protected":false},"author":96,"featured_media":93999,"comment_status":"closed","ping_status":"closed","sticky":false,"template":"","format":"standard","meta":{"footnotes":""},"categories":[302],"tags":[],"class_list":["post-94000","post","type-post","status-publish","format-standard","has-post-thumbnail","hentry","category-brasil-mundo"],"_links":{"self":[{"href":"https:\/\/diarioregionaldigital.com.br\/index.php?rest_route=\/wp\/v2\/posts\/94000","targetHints":{"allow":["GET"]}}],"collection":[{"href":"https:\/\/diarioregionaldigital.com.br\/index.php?rest_route=\/wp\/v2\/posts"}],"about":[{"href":"https:\/\/diarioregionaldigital.com.br\/index.php?rest_route=\/wp\/v2\/types\/post"}],"author":[{"embeddable":true,"href":"https:\/\/diarioregionaldigital.com.br\/index.php?rest_route=\/wp\/v2\/users\/96"}],"replies":[{"embeddable":true,"href":"https:\/\/diarioregionaldigital.com.br\/index.php?rest_route=%2Fwp%2Fv2%2Fcomments&post=94000"}],"version-history":[{"count":0,"href":"https:\/\/diarioregionaldigital.com.br\/index.php?rest_route=\/wp\/v2\/posts\/94000\/revisions"}],"wp:featuredmedia":[{"embeddable":true,"href":"https:\/\/diarioregionaldigital.com.br\/index.php?rest_route=\/wp\/v2\/media\/93999"}],"wp:attachment":[{"href":"https:\/\/diarioregionaldigital.com.br\/index.php?rest_route=%2Fwp%2Fv2%2Fmedia&parent=94000"}],"wp:term":[{"taxonomy":"category","embeddable":true,"href":"https:\/\/diarioregionaldigital.com.br\/index.php?rest_route=%2Fwp%2Fv2%2Fcategories&post=94000"},{"taxonomy":"post_tag","embeddable":true,"href":"https:\/\/diarioregionaldigital.com.br\/index.php?rest_route=%2Fwp%2Fv2%2Ftags&post=94000"}],"curies":[{"name":"wp","href":"https:\/\/api.w.org\/{rel}","templated":true}]}}