{"id":93996,"date":"2018-03-16T15:32:07","date_gmt":"2018-03-16T18:32:07","guid":{"rendered":"http:\/\/diarioregionaljf.com.br\/2018\/03\/16\/dupla-armada-rouba-r-750-de-homem-no-joquei-clube\/"},"modified":"2018-03-16T15:32:07","modified_gmt":"2018-03-16T18:32:07","slug":"dupla-armada-rouba-r-750-de-homem-no-joquei-clube","status":"publish","type":"post","link":"https:\/\/diarioregionaldigital.com.br\/?p=93996","title":{"rendered":"Dupla armada rouba R$750 de homem no J\u00f3quei Clube"},"content":{"rendered":"<p>Um homem de 55 anos foi assaltado por dois indiv\u00edduos armados no bairro J\u00f3quei Clube, zona Norte de Juiz de Fora, na tarde dessa quinta-feira, 15.<\/p>\n<p>Conforme registro da ocorr\u00eancia na Pol\u00edcia Militar (PM), a v\u00edtima relatou que estava na Rua Jose Bas\u00edlio da Costa quando foi abordada pela dupla, que estava em uma moto. Usando uma arma de fogo, o carona roubou R$750 do homem.<\/p>\n<p>Os autores fugiram em sentido ao bairro Francisco Bernardino.<\/p>\n<p>&nbsp;<\/p>\n<h4>NO CENTRO<\/h4>\n<p>Na regi\u00e3o central, um adolescente de 14 anos foi assaltado quando voltava da escola. De acordo com a PM, o estudante transitava pela Rua Benjamin Constant e foi abordado por um homem. Ap\u00f3s amea\u00e7as, o autor subtraiu o rel\u00f3gio da v\u00edtima e R$20 em dinheiro.<\/p>\n","protected":false},"excerpt":{"rendered":"<p>Um homem de 55 anos foi assaltado por dois indiv\u00edduos armados no bairro J\u00f3quei Clube, zona Norte de Juiz de Fora, na tarde dessa quinta-feira, 15. Conforme registro da ocorr\u00eancia na Pol\u00edcia Militar (PM), a v\u00edtima relatou que estava na Rua Jose Bas\u00edlio da Costa quando foi abordada pela dupla, que estava em uma moto. [&hellip;]<\/p>\n","protected":false},"author":96,"featured_media":93995,"comment_status":"closed","ping_status":"closed","sticky":false,"template":"","format":"standard","meta":{"footnotes":""},"categories":[301],"tags":[],"class_list":["post-93996","post","type-post","status-publish","format-standard","has-post-thumbnail","hentry","category-artigos-policiais"],"_links":{"self":[{"href":"https:\/\/diarioregionaldigital.com.br\/index.php?rest_route=\/wp\/v2\/posts\/93996","targetHints":{"allow":["GET"]}}],"collection":[{"href":"https:\/\/diarioregionaldigital.com.br\/index.php?rest_route=\/wp\/v2\/posts"}],"about":[{"href":"https:\/\/diarioregionaldigital.com.br\/index.php?rest_route=\/wp\/v2\/types\/post"}],"author":[{"embeddable":true,"href":"https:\/\/diarioregionaldigital.com.br\/index.php?rest_route=\/wp\/v2\/users\/96"}],"replies":[{"embeddable":true,"href":"https:\/\/diarioregionaldigital.com.br\/index.php?rest_route=%2Fwp%2Fv2%2Fcomments&post=93996"}],"version-history":[{"count":0,"href":"https:\/\/diarioregionaldigital.com.br\/index.php?rest_route=\/wp\/v2\/posts\/93996\/revisions"}],"wp:featuredmedia":[{"embeddable":true,"href":"https:\/\/diarioregionaldigital.com.br\/index.php?rest_route=\/wp\/v2\/media\/93995"}],"wp:attachment":[{"href":"https:\/\/diarioregionaldigital.com.br\/index.php?rest_route=%2Fwp%2Fv2%2Fmedia&parent=93996"}],"wp:term":[{"taxonomy":"category","embeddable":true,"href":"https:\/\/diarioregionaldigital.com.br\/index.php?rest_route=%2Fwp%2Fv2%2Fcategories&post=93996"},{"taxonomy":"post_tag","embeddable":true,"href":"https:\/\/diarioregionaldigital.com.br\/index.php?rest_route=%2Fwp%2Fv2%2Ftags&post=93996"}],"curies":[{"name":"wp","href":"https:\/\/api.w.org\/{rel}","templated":true}]}}