{"id":93994,"date":"2018-03-16T15:11:50","date_gmt":"2018-03-16T18:11:50","guid":{"rendered":"http:\/\/diarioregionaljf.com.br\/2018\/03\/16\/bolsa-familia-tem-265-novos-beneficiarios-em-marco\/"},"modified":"2018-03-16T15:11:50","modified_gmt":"2018-03-16T18:11:50","slug":"bolsa-familia-tem-265-novos-beneficiarios-em-marco","status":"publish","type":"post","link":"https:\/\/diarioregionaldigital.com.br\/?p=93994","title":{"rendered":"Bolsa Fam\u00edlia tem 265 novos benefici\u00e1rios em mar\u00e7o"},"content":{"rendered":"<p>O Departamento de Transfer\u00eancia de Renda (DTR) da Secretaria de Desenvolvimento Social (SDS) divulgou nessa quinta-feira, 15, os <a href=\"https:\/\/www.pjf.mg.gov.br\/noticias\/anexo\/bolsa_familia.pdf\" target=\"_blank\" rel=\"noopener noreferrer\">nomes dos 265 novos benefici\u00e1rios do programa Bolsa Fam\u00edlia<\/a>, inclu\u00eddos em mar\u00e7o. Atualmente, 13.958 fam\u00edlias participam do programa na cidade.<\/p>\n<p>Para receber o benef\u00edcio, os contemplados dever\u00e3o comparecer \u00e0 ag\u00eancia da Caixa Econ\u00f4mica Federal, na Avenida Rio Branco, n\u00ba 2.340, Centro, com o N\u00famero de Inscri\u00e7\u00e3o Social (NIS) e documento com foto. O calend\u00e1rio de pagamentos do Bolsa Fam\u00edlia est\u00e1 dispon\u00edvel para acesso no <a href=\"http:\/\/www.caixa.gov.br\/Paginas\/home-caixa.aspx\" target=\"_blank\" rel=\"noopener noreferrer\">site da Caixa<\/a>.<\/p>\n<p>Para participar do programa, os interessados devem se inscrever no Cadastro \u00danico (Cad\u00danico), comparecendo \u00e0 Secretaria de Desenvolvimento Social (SDS), na Rua Halfeld, n\u00ba 450, 4\u00ba andar, Centro, portando original e c\u00f3pia dos documentos abaixo:<\/p>\n<p>&#8211; Cadastro de Pessoa F\u00edsica (CPF) e t\u00edtulo de eleitor de todos os adultos da casa;<\/p>\n<p>&#8211; Carteira de trabalho de todos os adultos da casa;<\/p>\n<p>&#8211; Certid\u00e3o de nascimento das crian\u00e7as da casa;<\/p>\n<p>&#8211; Comprovante de renda (contracheque, declara\u00e7\u00e3o ou extrato banc\u00e1rio);<\/p>\n<p>&#8211; Conta de luz ou telefone;<\/p>\n<p>&#8211; Declara\u00e7\u00e3o escolar.<\/p>\n<p>&nbsp;<\/p>\n<p>Al\u00e9m do Bolsa Fam\u00edlia, com o Cad\u00danico o participante poder\u00e1 ter acesso a descontos na conta de luz e \u00e1gua e efetuar inscri\u00e7\u00e3o no Curso Preparat\u00f3rio para Concursos (CPC). Para tirar d\u00favidas e obter informa\u00e7\u00f5es sobre o programa, o telefone de contato \u00e9 o 3690-8467.<\/p>\n<p>&nbsp;<\/p>\n<p>Fonte: Assessoria\/PJF<\/p>\n","protected":false},"excerpt":{"rendered":"<p>O Departamento de Transfer\u00eancia de Renda (DTR) da Secretaria de Desenvolvimento Social (SDS) divulgou nessa quinta-feira, 15, os nomes dos 265 novos benefici\u00e1rios do programa Bolsa Fam\u00edlia, inclu\u00eddos em mar\u00e7o. Atualmente, 13.958 fam\u00edlias participam do programa na cidade. Para receber o benef\u00edcio, os contemplados dever\u00e3o comparecer \u00e0 ag\u00eancia da Caixa Econ\u00f4mica Federal, na Avenida Rio [&hellip;]<\/p>\n","protected":false},"author":96,"featured_media":93993,"comment_status":"closed","ping_status":"closed","sticky":false,"template":"","format":"standard","meta":{"footnotes":""},"categories":[253],"tags":[],"class_list":["post-93994","post","type-post","status-publish","format-standard","has-post-thumbnail","hentry","category-cidade"],"_links":{"self":[{"href":"https:\/\/diarioregionaldigital.com.br\/index.php?rest_route=\/wp\/v2\/posts\/93994","targetHints":{"allow":["GET"]}}],"collection":[{"href":"https:\/\/diarioregionaldigital.com.br\/index.php?rest_route=\/wp\/v2\/posts"}],"about":[{"href":"https:\/\/diarioregionaldigital.com.br\/index.php?rest_route=\/wp\/v2\/types\/post"}],"author":[{"embeddable":true,"href":"https:\/\/diarioregionaldigital.com.br\/index.php?rest_route=\/wp\/v2\/users\/96"}],"replies":[{"embeddable":true,"href":"https:\/\/diarioregionaldigital.com.br\/index.php?rest_route=%2Fwp%2Fv2%2Fcomments&post=93994"}],"version-history":[{"count":0,"href":"https:\/\/diarioregionaldigital.com.br\/index.php?rest_route=\/wp\/v2\/posts\/93994\/revisions"}],"wp:featuredmedia":[{"embeddable":true,"href":"https:\/\/diarioregionaldigital.com.br\/index.php?rest_route=\/wp\/v2\/media\/93993"}],"wp:attachment":[{"href":"https:\/\/diarioregionaldigital.com.br\/index.php?rest_route=%2Fwp%2Fv2%2Fmedia&parent=93994"}],"wp:term":[{"taxonomy":"category","embeddable":true,"href":"https:\/\/diarioregionaldigital.com.br\/index.php?rest_route=%2Fwp%2Fv2%2Fcategories&post=93994"},{"taxonomy":"post_tag","embeddable":true,"href":"https:\/\/diarioregionaldigital.com.br\/index.php?rest_route=%2Fwp%2Fv2%2Ftags&post=93994"}],"curies":[{"name":"wp","href":"https:\/\/api.w.org\/{rel}","templated":true}]}}