{"id":93988,"date":"2018-03-16T13:08:51","date_gmt":"2018-03-16T16:08:51","guid":{"rendered":"http:\/\/diarioregionaljf.com.br\/2018\/03\/16\/prefeitura-municipal-de-tocantins-16-03-2018\/"},"modified":"2018-08-13T20:33:29","modified_gmt":"2018-08-13T23:33:29","slug":"prefeitura-municipal-de-tocantins-16-03-2018","status":"publish","type":"post","link":"https:\/\/diarioregionaldigital.com.br\/?p=93988","title":{"rendered":"PREFEITURA MUNICIPAL DE TOCANTINS 16\/03\/2018"},"content":{"rendered":"<p>PREFEITURA MUNICIPAL DE TOCANTINS<br \/>A Comiss\u00e3o Permanente de Licita\u00e7\u00f5es da PM de Tocantins (MG), torna p\u00fablico que far\u00e1 licita\u00e7\u00e3o na modalidade Tomada de Pre\u00e7os, n\u00ba 02\/2018, Processo n\u00ba xxx\/2018, tipo menor pre\u00e7o global, para contrata\u00e7\u00e3o de empresa especializada em presta\u00e7\u00e3o de servi\u00e7os para realiza\u00e7\u00e3o de cursos de capacita\u00e7\u00e3o e aperfei\u00e7oamento para servidores da Prefeitura na \u00e1rea de licita\u00e7\u00f5es e contratos administrativos, assessoria e consultoria jur\u00eddica em licita\u00e7\u00f5es e contratos e direito financeiro, mediante uma visita semanal in loco na Sede Administrativa do Munic\u00edpio nos dias e hor\u00e1rios de expediente que \u00e9 compreendido das 12 \u00e0s 17 horas, e representa\u00e7\u00e3o judicial em processos do Munic\u00edpio que tramitam em 2\u00aa Inst\u00e2ncia e representa\u00e7\u00e3o administrativa do Munic\u00edpio junto ao Tribunal de Contas do Estado. A abertura da proposta ser\u00e1 no dia 02\/04\/2018 \u00e0s 10:30 (horas) na Sala de Licita\u00e7\u00f5es da PM de Tocantins. O Edital encontra-se \u00e0 disposi\u00e7\u00e3o dos interessados na Av. Padre Mac\u00e1rio, 129, Centro em Tocantins \u2013 MG, no hor\u00e1rio de expediente de 13 \u00e0s 16 horas. Tocantins, 15 de mar\u00e7o de 2018. Maria de F\u00e1tima da Silva Rodrigues \u2013 Presidente da Comiss\u00e3o de Licita\u00e7\u00f5es.<\/p>\n","protected":false},"excerpt":{"rendered":"<p>PREFEITURA MUNICIPAL DE TOCANTINSA Comiss\u00e3o Permanente de Licita\u00e7\u00f5es da PM de Tocantins (MG), torna p\u00fablico que far\u00e1 licita\u00e7\u00e3o na modalidade Tomada de Pre\u00e7os, n\u00ba 02\/2018, Processo n\u00ba xxx\/2018, tipo menor pre\u00e7o global, para contrata\u00e7\u00e3o de empresa especializada em presta\u00e7\u00e3o de servi\u00e7os para realiza\u00e7\u00e3o de cursos de capacita\u00e7\u00e3o e aperfei\u00e7oamento para servidores da Prefeitura na \u00e1rea [&hellip;]<\/p>\n","protected":false},"author":96,"featured_media":0,"comment_status":"closed","ping_status":"closed","sticky":false,"template":"","format":"standard","meta":{"footnotes":""},"categories":[307],"tags":[],"class_list":["post-93988","post","type-post","status-publish","format-standard","hentry","category-editais"],"_links":{"self":[{"href":"https:\/\/diarioregionaldigital.com.br\/index.php?rest_route=\/wp\/v2\/posts\/93988","targetHints":{"allow":["GET"]}}],"collection":[{"href":"https:\/\/diarioregionaldigital.com.br\/index.php?rest_route=\/wp\/v2\/posts"}],"about":[{"href":"https:\/\/diarioregionaldigital.com.br\/index.php?rest_route=\/wp\/v2\/types\/post"}],"author":[{"embeddable":true,"href":"https:\/\/diarioregionaldigital.com.br\/index.php?rest_route=\/wp\/v2\/users\/96"}],"replies":[{"embeddable":true,"href":"https:\/\/diarioregionaldigital.com.br\/index.php?rest_route=%2Fwp%2Fv2%2Fcomments&post=93988"}],"version-history":[{"count":0,"href":"https:\/\/diarioregionaldigital.com.br\/index.php?rest_route=\/wp\/v2\/posts\/93988\/revisions"}],"wp:attachment":[{"href":"https:\/\/diarioregionaldigital.com.br\/index.php?rest_route=%2Fwp%2Fv2%2Fmedia&parent=93988"}],"wp:term":[{"taxonomy":"category","embeddable":true,"href":"https:\/\/diarioregionaldigital.com.br\/index.php?rest_route=%2Fwp%2Fv2%2Fcategories&post=93988"},{"taxonomy":"post_tag","embeddable":true,"href":"https:\/\/diarioregionaldigital.com.br\/index.php?rest_route=%2Fwp%2Fv2%2Ftags&post=93988"}],"curies":[{"name":"wp","href":"https:\/\/api.w.org\/{rel}","templated":true}]}}