{"id":93987,"date":"2018-03-16T11:54:18","date_gmt":"2018-03-16T14:54:18","guid":{"rendered":"http:\/\/diarioregionaljf.com.br\/2018\/03\/16\/adolescente-e-detido-conduzindo-moto-roubada-no-bairro-vila-ideal\/"},"modified":"2018-03-16T11:54:18","modified_gmt":"2018-03-16T14:54:18","slug":"adolescente-e-detido-conduzindo-moto-roubada-no-bairro-vila-ideal","status":"publish","type":"post","link":"https:\/\/diarioregionaldigital.com.br\/?p=93987","title":{"rendered":"Adolescente \u00e9 detido conduzindo moto roubada no bairro Vila Ideal"},"content":{"rendered":"<p>Um adolescente de 15 anos foi detido pela Pol\u00edcia Militar (PM) na tarde dessa quinta-feira, 15, no bairro Vila Ideal, zona Sudeste, ap\u00f3s ser flagrado conduzindo uma moto roubada. O ve\u00edculo pertence \u00e0 um policial militar aposentado.<\/p>\n<p>De acordo com informa\u00e7\u00f5es do Boletim de Ocorr\u00eancia (BO), viaturas da PM iniciaram rastreamento \u00e0 moto ap\u00f3s receberem a notifica\u00e7\u00e3o do furto. Durante as buscas, a mesma foi localizada na estrada Uni\u00e3o Ind\u00fastria, passando a ser acompanhada pelos militares. No bairro Vila Ideal, os policiais abordaram o condutor, que, ao perceber a aproxima\u00e7\u00e3o das viaturas, abandonou a moto e empreendeu fuga a p\u00e9, entrando em um terreno baldio.<\/p>\n<p>Ap\u00f3s rastreamento, o adolescente foi localizado e apreendido em flagrante. Ele foi conduzido para o Hospital de Pronto Socorro (HPS) devido a escoria\u00e7\u00f5es nos bra\u00e7os causadas durante a fuga.<\/p>\n<p>Um segundo suspeito pode estar envolvido no furto. Foi realizado rastreamento, mas ele n\u00e3o foi localizado.<\/p>\n","protected":false},"excerpt":{"rendered":"<p>Um adolescente de 15 anos foi detido pela Pol\u00edcia Militar (PM) na tarde dessa quinta-feira, 15, no bairro Vila Ideal, zona Sudeste, ap\u00f3s ser flagrado conduzindo uma moto roubada. O ve\u00edculo pertence \u00e0 um policial militar aposentado. De acordo com informa\u00e7\u00f5es do Boletim de Ocorr\u00eancia (BO), viaturas da PM iniciaram rastreamento \u00e0 moto ap\u00f3s receberem [&hellip;]<\/p>\n","protected":false},"author":96,"featured_media":93986,"comment_status":"closed","ping_status":"closed","sticky":false,"template":"","format":"standard","meta":{"footnotes":""},"categories":[301],"tags":[],"class_list":["post-93987","post","type-post","status-publish","format-standard","has-post-thumbnail","hentry","category-artigos-policiais"],"_links":{"self":[{"href":"https:\/\/diarioregionaldigital.com.br\/index.php?rest_route=\/wp\/v2\/posts\/93987","targetHints":{"allow":["GET"]}}],"collection":[{"href":"https:\/\/diarioregionaldigital.com.br\/index.php?rest_route=\/wp\/v2\/posts"}],"about":[{"href":"https:\/\/diarioregionaldigital.com.br\/index.php?rest_route=\/wp\/v2\/types\/post"}],"author":[{"embeddable":true,"href":"https:\/\/diarioregionaldigital.com.br\/index.php?rest_route=\/wp\/v2\/users\/96"}],"replies":[{"embeddable":true,"href":"https:\/\/diarioregionaldigital.com.br\/index.php?rest_route=%2Fwp%2Fv2%2Fcomments&post=93987"}],"version-history":[{"count":0,"href":"https:\/\/diarioregionaldigital.com.br\/index.php?rest_route=\/wp\/v2\/posts\/93987\/revisions"}],"wp:featuredmedia":[{"embeddable":true,"href":"https:\/\/diarioregionaldigital.com.br\/index.php?rest_route=\/wp\/v2\/media\/93986"}],"wp:attachment":[{"href":"https:\/\/diarioregionaldigital.com.br\/index.php?rest_route=%2Fwp%2Fv2%2Fmedia&parent=93987"}],"wp:term":[{"taxonomy":"category","embeddable":true,"href":"https:\/\/diarioregionaldigital.com.br\/index.php?rest_route=%2Fwp%2Fv2%2Fcategories&post=93987"},{"taxonomy":"post_tag","embeddable":true,"href":"https:\/\/diarioregionaldigital.com.br\/index.php?rest_route=%2Fwp%2Fv2%2Ftags&post=93987"}],"curies":[{"name":"wp","href":"https:\/\/api.w.org\/{rel}","templated":true}]}}