{"id":93985,"date":"2018-03-16T11:26:04","date_gmt":"2018-03-16T14:26:04","guid":{"rendered":"http:\/\/diarioregionaljf.com.br\/2018\/03\/16\/pm-apreende-mais-de-r-6-mil-e-detem-tres-por-trafico-de-drogas-no-santa-efigenia\/"},"modified":"2018-03-16T11:26:04","modified_gmt":"2018-03-16T14:26:04","slug":"pm-apreende-mais-de-r-6-mil-e-detem-tres-por-trafico-de-drogas-no-santa-efigenia","status":"publish","type":"post","link":"https:\/\/diarioregionaldigital.com.br\/?p=93985","title":{"rendered":"PM apreende mais de R$6 mil e det\u00e9m tr\u00eas por tr\u00e1fico de drogas no Santa Efig\u00eania"},"content":{"rendered":"<p>Em opera\u00e7\u00e3o realizada no bairro Santa Efig\u00eania, zona Sul da cidade, a Pol\u00edcia Militar (PM) apreendeu R$6.111 em dinheiro e prendeu tr\u00eas jovens por tr\u00e1fico de drogas na noite dessa quinta-feira, 15. Os autores, de 20, 22 e 24 anos, foram presos em flagrante pelo com\u00e9rcio das subst\u00e2ncias.<\/p>\n<p>A a\u00e7\u00e3o foi realizada em um im\u00f3vel na Rua Licinio Pereira Cortes. No local, al\u00e9m da referida quantia, tamb\u00e9m foram apreendidos 1\/2Kg de crack e uma balan\u00e7a de precis\u00e3o.<\/p>\n<p>O material apreendido e os tr\u00eas detidos foram encaminhados \u00e0 delegacia.<\/p>\n<p>&nbsp;<\/p>\n<h4>ZONA LESTE<\/h4>\n<p>Em outra ocorr\u00eancia, registrada na madrugada desta sexta-feira, 16, no bairro Vitorino Braga, um jovem de 19 anos foi preso por comercializar drogas. De acordo com informa\u00e7\u00f5es da PM, ele foi abordado na Rua Garibaldi Campinhos e, durante buscas pr\u00f3ximas ao local onde se encontrava, foram encontradas 254 pedras de crack.<\/p>\n<p>O autor foi preso em flagrante e conduzido \u00e0 delegacia, junto com os entorpecentes apreendidos.<\/p>\n<p>&nbsp;<\/p>\n","protected":false},"excerpt":{"rendered":"<p>Em opera\u00e7\u00e3o realizada no bairro Santa Efig\u00eania, zona Sul da cidade, a Pol\u00edcia Militar (PM) apreendeu R$6.111 em dinheiro e prendeu tr\u00eas jovens por tr\u00e1fico de drogas na noite dessa quinta-feira, 15. Os autores, de 20, 22 e 24 anos, foram presos em flagrante pelo com\u00e9rcio das subst\u00e2ncias. A a\u00e7\u00e3o foi realizada em um im\u00f3vel [&hellip;]<\/p>\n","protected":false},"author":96,"featured_media":93984,"comment_status":"closed","ping_status":"closed","sticky":false,"template":"","format":"standard","meta":{"footnotes":""},"categories":[301],"tags":[],"class_list":["post-93985","post","type-post","status-publish","format-standard","has-post-thumbnail","hentry","category-artigos-policiais"],"_links":{"self":[{"href":"https:\/\/diarioregionaldigital.com.br\/index.php?rest_route=\/wp\/v2\/posts\/93985","targetHints":{"allow":["GET"]}}],"collection":[{"href":"https:\/\/diarioregionaldigital.com.br\/index.php?rest_route=\/wp\/v2\/posts"}],"about":[{"href":"https:\/\/diarioregionaldigital.com.br\/index.php?rest_route=\/wp\/v2\/types\/post"}],"author":[{"embeddable":true,"href":"https:\/\/diarioregionaldigital.com.br\/index.php?rest_route=\/wp\/v2\/users\/96"}],"replies":[{"embeddable":true,"href":"https:\/\/diarioregionaldigital.com.br\/index.php?rest_route=%2Fwp%2Fv2%2Fcomments&post=93985"}],"version-history":[{"count":0,"href":"https:\/\/diarioregionaldigital.com.br\/index.php?rest_route=\/wp\/v2\/posts\/93985\/revisions"}],"wp:featuredmedia":[{"embeddable":true,"href":"https:\/\/diarioregionaldigital.com.br\/index.php?rest_route=\/wp\/v2\/media\/93984"}],"wp:attachment":[{"href":"https:\/\/diarioregionaldigital.com.br\/index.php?rest_route=%2Fwp%2Fv2%2Fmedia&parent=93985"}],"wp:term":[{"taxonomy":"category","embeddable":true,"href":"https:\/\/diarioregionaldigital.com.br\/index.php?rest_route=%2Fwp%2Fv2%2Fcategories&post=93985"},{"taxonomy":"post_tag","embeddable":true,"href":"https:\/\/diarioregionaldigital.com.br\/index.php?rest_route=%2Fwp%2Fv2%2Ftags&post=93985"}],"curies":[{"name":"wp","href":"https:\/\/api.w.org\/{rel}","templated":true}]}}