{"id":93981,"date":"2018-03-16T11:09:52","date_gmt":"2018-03-16T14:09:52","guid":{"rendered":"http:\/\/diarioregionaljf.com.br\/2018\/03\/16\/atos-no-brasil-e-em-outros-paises-homenageiam-vereadora-e-pedem-punicao\/"},"modified":"2018-03-16T11:09:52","modified_gmt":"2018-03-16T14:09:52","slug":"atos-no-brasil-e-em-outros-paises-homenageiam-vereadora-e-pedem-punicao","status":"publish","type":"post","link":"https:\/\/diarioregionaldigital.com.br\/?p=93981","title":{"rendered":"Atos no Brasil e em outros pa\u00edses homenageiam vereadora e pedem puni\u00e7\u00e3o"},"content":{"rendered":"<p>morte da vereadora Marielle Franco (PSOL-RJ) e do motorista Anderson Gomes na noite da quarta-feira, 14, no Rio de Janeiro, motivou atos em todo o Brasil e em capitais de outros pa\u00edses nessa quinta-feira, 15. Segundo estimativa do PSOL, partido da parlamentar, foram organizadas mais de 20 manifesta\u00e7\u00f5es no pa\u00eds. Foram realizados atos tamb\u00e9m em Buenos Aires, Montevid\u00e9u, Lisboa, Berlim, Londres, Amsterd\u00e3 e Nova York.<\/p>\n<p><span style=\"font-size: 18pt;\">Rio de Janeiro<\/span><\/p>\n<p>No Rio, uma multid\u00e3o est\u00e1 reunida no centro da cidade, na Cinel\u00e2ndia, onde prestam homenagem \u00e0 vereadora e ao motorista e cobram que os respons\u00e1veis sejam punidos. Manifestantes acenderam velas na C\u00e2mara dos Vereadores e tamb\u00e9m penduraram faixas com dizeres como: &#8220;Marielle Gigante&#8221; e &#8220;N\u00e3o nos calar\u00e3o&#8221;.<\/p>\n<p><span style=\"font-size: 18pt;\">S\u00e3o Paulo<\/span><\/p>\n<p>Milhares de pessoas ocuparam no in\u00edcio da noite de hoje (15) o v\u00e3o-livre do Museu de Arte de S\u00e3o Paulo (Masp). As seis faixas de rolamento em frente ao pr\u00e9dio do museu foram bloqueadas ao tr\u00e1fego de carros. Discursos comovidos se alternaram a gritos de palavras de ordem como \u201cMarielle, presente&#8221;.<\/p>\n<p>O ato na capital paulista tamb\u00e9m contou com a participa\u00e7\u00e3o das percussionistas do instituto cultural Il\u00fa Ob\u00e1 de Min, que tocaram tambores em homenagem a vereadora assassinada. Em seguida, a manifesta\u00e7\u00e3o seguiu em passeata pelas ruas do centro da capital paulista.<\/p>\n<p>\u201cParece que estou em um filme de terror. A gente vem para o Masp tantas vezes para fazer grandes mobiliza\u00e7\u00f5es, manifesta\u00e7\u00f5es feministas, mas nunca [a v\u00edtima] \u00e9 uma mulher t\u00e3o pr\u00f3xima da gente. Uma vereadora \u00e9 uma mulher que tem poder. E supostamente est\u00e1 protegida. Mas n\u00e3o. Ela pode ser o que for. Ela vai seguir sendo mulher e seguir sendo mulher negra. A fragilidade de todas n\u00f3s \u00e9 muito grande\u201d, destacou a vereadora pelo PSOL em S\u00e3o Paulo, S\u00e2mia Bomfim.<\/p>\n<p>Para a presidente da Uni\u00e3o da Juventude Socialista (UJS) e ex-presidente da Uni\u00e3o Nacional do Estudantes (UNE), Carina Vitral, a perda de Marielle \u00e9 irrepar\u00e1vel. \u201cN\u00e3o \u00e9 qualquer militante pol\u00edtica que foi assassinada. Ela era uma militante do tema da seguran\u00e7a p\u00fablica. Do tema das favelas. Do tema dos mais pobres. E ao meter o dedo na ferida, ela foi executada por esse sistema e isso precisa ser absolutamente investigado\u201d, disse.<\/p>\n<p><span style=\"font-size: 18pt;\">Bras\u00edlia<\/span><\/p>\n<p>Em Bras\u00edlia, o ato come\u00e7ou \u00e0s 17h e reuniu mais de 300 pessoas na Pra\u00e7a Zumbi dos Palmares, tradicional palco de manifesta\u00e7\u00f5es no centro da cidade. Representantes de diversos movimentos sociais e partidos estiveram presentes para prestar homenagens, destacar a luta hist\u00f3rica de Marielle e cobrar apura\u00e7\u00e3o do crime.<\/p>\n<p>Segundo Jacira Silva, diretora do Movimento Negro Unificado (MNU), a viol\u00eancia contra negros n\u00e3o \u00e9 nova, mas a morte de Marielle e de Anderson significou o \u00e1pice de uma escalada que se amplifica no contexto da interven\u00e7\u00e3o federal na seguran\u00e7a p\u00fablica do Rio.<\/p>\n<p>\u201cQuando h\u00e1 casos assim, ou s\u00e3o absolvidos ou n\u00e3o cumprem suas penas. A impunidade que historicamente ocorre no pa\u00eds n\u00e3o pode continuar. Que os autores sejam responsabilizados\u201d, defendeu a diretora.<\/p>\n<p><span style=\"font-size: 18pt;\">Curitiba<\/span><\/p>\n<p>Na capital paranaense, o ato teve in\u00edcio \u00e0s 18h30 e tomou a Pra\u00e7a Santos Andrade, no centro. Segundo estimativa dos organizadores, aproximadamente 2.500 pessoas estiveram presentes. Os participantes se revezaram em mensagens de luto e enfatizaram a necessidade de lutar contra a viol\u00eancia contra a popula\u00e7\u00e3o negra e as mulheres.<\/p>\n<p>\u201cA gente sabe que n\u00e3o temos representa\u00e7\u00e3o nas casas legislativas. A morte da Marielle foi machista e racista porque sabemos que ningu\u00e9m quer mulheres e negros no poder. Que a vida dela e do Anderson n\u00e3o tenha sido em v\u00e3o, quem ousou apontar o dedo na cara do poder\u201d, afirmou Waleiska Fernandes, do coletivo Partida.<\/p>\n<p><span style=\"font-size: 18pt;\">PSOL<\/span><\/p>\n<p>A dire\u00e7\u00e3o do PSOL avaliou a realiza\u00e7\u00e3o dos atos como uma rea\u00e7\u00e3o importante ao crime e como um chamado para que n\u00e3o fique impune. A legenda vai continuar chamando novas mobiliza\u00e7\u00f5es em parceria com outros movimentos sociais.<\/p>\n<p>\u201cOs atos do dia de hoje mostraram que o Brasil j\u00e1 n\u00e3o suporta mais conviver com a viol\u00eancia policial, a impunidade e os crimes pol\u00edticos. Todos os anos centenas de lutadores sociais s\u00e3o executados de forma b\u00e1rbara e agora tamb\u00e9m parlamentares. A gente n\u00e3o podia tolerar isso antes e n\u00e3o pode agora\u201d, disse o presidente do partido, Juliano Medeiros.<\/p>\n<p>Para Keka Bagno, do Diret\u00f3rio Nacional do PSOL, a morte de Marielle Franco e do motorista Anderson Gomes est\u00e1 relacionada \u00e0 disputa entre mil\u00edcias e a interven\u00e7\u00e3o federal e teria sido uma execu\u00e7\u00e3o. A dirigente afirma que o partido quer a participa\u00e7\u00e3o dos governos do Rio de Janeiro e federal para que haja respostas efetivas sobre o crime, que segundo ela, teve conota\u00e7\u00e3o pol\u00edtica.<\/p>\n<p>\u201cMarielle mexeu nas estruturas. Este foi um recado para que as mulheres negras d\u00eaem passos atr\u00e1s. Mas a gente vai se organizar mais, inclusive para disputar elei\u00e7\u00f5es e mostrar que este espa\u00e7o \u00e9 nosso por direito\u201d, disse.<\/p>\n<p>Em entrevista no Rio, o ministro extraordin\u00e1rio da Seguran\u00e7a P\u00fablica, Raul Jungmann, disse que vai acompanhar pessoalmente as investiga\u00e7\u00f5es e que os respons\u00e1veis pelo crime \u201cb\u00e1rbaro\u201d ser\u00e3o encontrados e punidos a qualquer custo.<\/p>\n<p>Fonte: Ag\u00eancia Brasil<\/p>\n","protected":false},"excerpt":{"rendered":"<p>morte da vereadora Marielle Franco (PSOL-RJ) e do motorista Anderson Gomes na noite da quarta-feira, 14, no Rio de Janeiro, motivou atos em todo o Brasil e em capitais de outros pa\u00edses nessa quinta-feira, 15. Segundo estimativa do PSOL, partido da parlamentar, foram organizadas mais de 20 manifesta\u00e7\u00f5es no pa\u00eds. Foram realizados atos tamb\u00e9m em [&hellip;]<\/p>\n","protected":false},"author":96,"featured_media":93980,"comment_status":"closed","ping_status":"closed","sticky":false,"template":"","format":"standard","meta":{"footnotes":""},"categories":[302],"tags":[],"class_list":["post-93981","post","type-post","status-publish","format-standard","has-post-thumbnail","hentry","category-brasil-mundo"],"_links":{"self":[{"href":"https:\/\/diarioregionaldigital.com.br\/index.php?rest_route=\/wp\/v2\/posts\/93981","targetHints":{"allow":["GET"]}}],"collection":[{"href":"https:\/\/diarioregionaldigital.com.br\/index.php?rest_route=\/wp\/v2\/posts"}],"about":[{"href":"https:\/\/diarioregionaldigital.com.br\/index.php?rest_route=\/wp\/v2\/types\/post"}],"author":[{"embeddable":true,"href":"https:\/\/diarioregionaldigital.com.br\/index.php?rest_route=\/wp\/v2\/users\/96"}],"replies":[{"embeddable":true,"href":"https:\/\/diarioregionaldigital.com.br\/index.php?rest_route=%2Fwp%2Fv2%2Fcomments&post=93981"}],"version-history":[{"count":0,"href":"https:\/\/diarioregionaldigital.com.br\/index.php?rest_route=\/wp\/v2\/posts\/93981\/revisions"}],"wp:featuredmedia":[{"embeddable":true,"href":"https:\/\/diarioregionaldigital.com.br\/index.php?rest_route=\/wp\/v2\/media\/93980"}],"wp:attachment":[{"href":"https:\/\/diarioregionaldigital.com.br\/index.php?rest_route=%2Fwp%2Fv2%2Fmedia&parent=93981"}],"wp:term":[{"taxonomy":"category","embeddable":true,"href":"https:\/\/diarioregionaldigital.com.br\/index.php?rest_route=%2Fwp%2Fv2%2Fcategories&post=93981"},{"taxonomy":"post_tag","embeddable":true,"href":"https:\/\/diarioregionaldigital.com.br\/index.php?rest_route=%2Fwp%2Fv2%2Ftags&post=93981"}],"curies":[{"name":"wp","href":"https:\/\/api.w.org\/{rel}","templated":true}]}}