{"id":93961,"date":"2018-03-15T22:59:08","date_gmt":"2018-03-16T01:59:08","guid":{"rendered":"http:\/\/diarioregionaljf.com.br\/2018\/03\/15\/stf-derruba-limitacao-ao-financiamento-de-candidaturas-femininas-na-politica\/"},"modified":"2018-03-15T22:59:08","modified_gmt":"2018-03-16T01:59:08","slug":"stf-derruba-limitacao-ao-financiamento-de-candidaturas-femininas-na-politica","status":"publish","type":"post","link":"https:\/\/diarioregionaldigital.com.br\/?p=93961","title":{"rendered":"STF derruba limita\u00e7\u00e3o ao financiamento de candidaturas femininas na pol\u00edtica"},"content":{"rendered":"<p>O Supremo Tribunal Federal (STF) decidiu nessa quinta-feira, 15, julgar inconstitucional a regra da Lei 13.165\/2015, conhecida como minirreforma eleitoral, que limitou a transfer\u00eancia de recursos do Fundo Partid\u00e1rio para financiar as campanhas de mulheres filiadas.<\/p>\n<p>Por 8 votos a 2, os ministros entenderam que os recursos devem ser distribu\u00eddos pelos partidos igualitariamente entre candidaturas de homens e mulheres, ficando 30% dos recursos do fundo financiamento para as campanhas para as mulheres.<\/p>\n<p>A norma considerada inconstitucional pelo STF determinou que os partidos devem reservar m\u00ednimo de 5% e m\u00e1ximo de 15% dos valores recebidos do Fundo Partid\u00e1rio para financiar as campanhas eleitorais de suas candidatas. Os percentuais deveriam ser aplicados nas tr\u00eas elei\u00e7\u00f5es seguidas ap\u00f3s a san\u00e7\u00e3o da lei, que ocorreu em novembro de 2015.<\/p>\n<p>No julgamento, o ministro Edson Fachin, relator da a\u00e7\u00e3o direta de inconstitucionalidade protocolada pela Procuradoria-Geral da Rep\u00fablica (PGR), votou a favor da anula\u00e7\u00e3o da limita\u00e7\u00e3o da distribui\u00e7\u00e3o dos recursos, por entender que a medida \u00e9 discriminat\u00f3ria e cria distin\u00e7\u00e3o entre as candidaturas de homens e de mulheres.<\/p>\n<p>O voto do relator foi seguido pelos ministros Alexandre de Moraes, Lu\u00eds Roberto Barroso, Rosa Weber, Luiz Fux, Dias Toffoli, Ricardo Lewandowski e a presidente, C\u00e1rmen L\u00facia. Gilmar Mendes e Marco Aur\u00e9lio votaram pela improced\u00eancia da a\u00e7\u00e3o por entenderem que n\u00e3o pode haver limita\u00e7\u00e3o, mas sem fixar o percentual de 30%.<\/p>\n<p>A a\u00e7\u00e3o foi protocolada no STF pela Procuradoria-Geral da Rep\u00fablica (PGR) em outubro de 2016. Durante o julgamento, o vice-procurador Geral da Rep\u00fablica, Luciano Mariz Maia, lembrou que as mulheres formam mais de 50% da popula\u00e7\u00e3o, mas n\u00e3o est\u00e3o representadas nos espa\u00e7os p\u00fablicos. Al\u00e9m disso, para o procurador, a lei viola a Constitui\u00e7\u00e3o ao estabelecer, injustificadamente, limite de verbas entre candidatos homens e mulheres.<\/p>\n<p>Fonte: Ag\u00eancia Brasil<\/p>\n","protected":false},"excerpt":{"rendered":"<p>O Supremo Tribunal Federal (STF) decidiu nessa quinta-feira, 15, julgar inconstitucional a regra da Lei 13.165\/2015, conhecida como minirreforma eleitoral, que limitou a transfer\u00eancia de recursos do Fundo Partid\u00e1rio para financiar as campanhas de mulheres filiadas. Por 8 votos a 2, os ministros entenderam que os recursos devem ser distribu\u00eddos pelos partidos igualitariamente entre candidaturas [&hellip;]<\/p>\n","protected":false},"author":96,"featured_media":93960,"comment_status":"closed","ping_status":"closed","sticky":false,"template":"","format":"standard","meta":{"footnotes":""},"categories":[254],"tags":[],"class_list":["post-93961","post","type-post","status-publish","format-standard","has-post-thumbnail","hentry","category-politica"],"_links":{"self":[{"href":"https:\/\/diarioregionaldigital.com.br\/index.php?rest_route=\/wp\/v2\/posts\/93961","targetHints":{"allow":["GET"]}}],"collection":[{"href":"https:\/\/diarioregionaldigital.com.br\/index.php?rest_route=\/wp\/v2\/posts"}],"about":[{"href":"https:\/\/diarioregionaldigital.com.br\/index.php?rest_route=\/wp\/v2\/types\/post"}],"author":[{"embeddable":true,"href":"https:\/\/diarioregionaldigital.com.br\/index.php?rest_route=\/wp\/v2\/users\/96"}],"replies":[{"embeddable":true,"href":"https:\/\/diarioregionaldigital.com.br\/index.php?rest_route=%2Fwp%2Fv2%2Fcomments&post=93961"}],"version-history":[{"count":0,"href":"https:\/\/diarioregionaldigital.com.br\/index.php?rest_route=\/wp\/v2\/posts\/93961\/revisions"}],"wp:featuredmedia":[{"embeddable":true,"href":"https:\/\/diarioregionaldigital.com.br\/index.php?rest_route=\/wp\/v2\/media\/93960"}],"wp:attachment":[{"href":"https:\/\/diarioregionaldigital.com.br\/index.php?rest_route=%2Fwp%2Fv2%2Fmedia&parent=93961"}],"wp:term":[{"taxonomy":"category","embeddable":true,"href":"https:\/\/diarioregionaldigital.com.br\/index.php?rest_route=%2Fwp%2Fv2%2Fcategories&post=93961"},{"taxonomy":"post_tag","embeddable":true,"href":"https:\/\/diarioregionaldigital.com.br\/index.php?rest_route=%2Fwp%2Fv2%2Ftags&post=93961"}],"curies":[{"name":"wp","href":"https:\/\/api.w.org\/{rel}","templated":true}]}}