{"id":93959,"date":"2018-03-15T22:10:54","date_gmt":"2018-03-16T01:10:54","guid":{"rendered":"http:\/\/diarioregionaljf.com.br\/2018\/03\/15\/pesquisa-indica-que-servicos-de-energia-eletrica-no-pais-melhoraram-em-2017\/"},"modified":"2018-03-15T22:10:54","modified_gmt":"2018-03-16T01:10:54","slug":"pesquisa-indica-que-servicos-de-energia-eletrica-no-pais-melhoraram-em-2017","status":"publish","type":"post","link":"https:\/\/diarioregionaldigital.com.br\/?p=93959","title":{"rendered":"Pesquisa indica que servi\u00e7os de energia el\u00e9trica no Pa\u00eds melhoraram em 2017"},"content":{"rendered":"<p>A qualidade dos servi\u00e7os de distribui\u00e7\u00e3o de energia el\u00e9trica melhorou em 2017, conforme apontam os indicadores DEC* e FEC** apurados pela Ag\u00eancia Nacional de Energia El\u00e9trica (Aneel). Ao longo do ano passado, os consumidores ficaram 14,35 horas em m\u00e9dia sem energia (DEC), o que representa uma redu\u00e7\u00e3o de 9,23% do valor registrado em 2016, de 15,81 horas em m\u00e9dia.<\/p>\n<p>O valor do DEC no ano de 2017 \u00e9 o menor valor hist\u00f3rico para esse indicador. A frequ\u00eancia (FEC) no n\u00famero de interrup\u00e7\u00f5es se manteve em trajet\u00f3ria decrescente, com redu\u00e7\u00e3o de 8,87 interrup\u00e7\u00f5es em m\u00e9dia em 2016 para 8,20 interrup\u00e7\u00f5es em m\u00e9dia por consumidor em 2017, o que significa uma melhora de 7,55% no per\u00edodo.<\/p>\n<p>O avan\u00e7o \u00e9 resultado de a\u00e7\u00f5es da Aneel, como as novas regras de qualidade do fornecimento nos contratos de concess\u00e3o das distribuidoras, a ado\u00e7\u00e3o de planos de resultados para as distribuidoras que apresentavam pior desempenho, compensa\u00e7\u00e3o financeira ao consumidor, fiscaliza\u00e7\u00f5es da Ag\u00eancia e defini\u00e7\u00e3o de limites de interrup\u00e7\u00e3o decrescentes para as concession\u00e1rias.<\/p>\n<hr \/>\n<p>&nbsp;Fonte: Portal Brasil<\/p>\n","protected":false},"excerpt":{"rendered":"<p>A qualidade dos servi\u00e7os de distribui\u00e7\u00e3o de energia el\u00e9trica melhorou em 2017, conforme apontam os indicadores DEC* e FEC** apurados pela Ag\u00eancia Nacional de Energia El\u00e9trica (Aneel). Ao longo do ano passado, os consumidores ficaram 14,35 horas em m\u00e9dia sem energia (DEC), o que representa uma redu\u00e7\u00e3o de 9,23% do valor registrado em 2016, de [&hellip;]<\/p>\n","protected":false},"author":96,"featured_media":93958,"comment_status":"closed","ping_status":"closed","sticky":false,"template":"","format":"standard","meta":{"footnotes":""},"categories":[262],"tags":[],"class_list":["post-93959","post","type-post","status-publish","format-standard","has-post-thumbnail","hentry","category-noticias"],"_links":{"self":[{"href":"https:\/\/diarioregionaldigital.com.br\/index.php?rest_route=\/wp\/v2\/posts\/93959","targetHints":{"allow":["GET"]}}],"collection":[{"href":"https:\/\/diarioregionaldigital.com.br\/index.php?rest_route=\/wp\/v2\/posts"}],"about":[{"href":"https:\/\/diarioregionaldigital.com.br\/index.php?rest_route=\/wp\/v2\/types\/post"}],"author":[{"embeddable":true,"href":"https:\/\/diarioregionaldigital.com.br\/index.php?rest_route=\/wp\/v2\/users\/96"}],"replies":[{"embeddable":true,"href":"https:\/\/diarioregionaldigital.com.br\/index.php?rest_route=%2Fwp%2Fv2%2Fcomments&post=93959"}],"version-history":[{"count":0,"href":"https:\/\/diarioregionaldigital.com.br\/index.php?rest_route=\/wp\/v2\/posts\/93959\/revisions"}],"wp:featuredmedia":[{"embeddable":true,"href":"https:\/\/diarioregionaldigital.com.br\/index.php?rest_route=\/wp\/v2\/media\/93958"}],"wp:attachment":[{"href":"https:\/\/diarioregionaldigital.com.br\/index.php?rest_route=%2Fwp%2Fv2%2Fmedia&parent=93959"}],"wp:term":[{"taxonomy":"category","embeddable":true,"href":"https:\/\/diarioregionaldigital.com.br\/index.php?rest_route=%2Fwp%2Fv2%2Fcategories&post=93959"},{"taxonomy":"post_tag","embeddable":true,"href":"https:\/\/diarioregionaldigital.com.br\/index.php?rest_route=%2Fwp%2Fv2%2Ftags&post=93959"}],"curies":[{"name":"wp","href":"https:\/\/api.w.org\/{rel}","templated":true}]}}