{"id":93957,"date":"2018-03-15T22:06:02","date_gmt":"2018-03-16T01:06:02","guid":{"rendered":"http:\/\/diarioregionaljf.com.br\/2018\/03\/15\/policiais-militares-suspeitos-de-extorsao-sao-presos-no-rio\/"},"modified":"2018-03-15T22:06:02","modified_gmt":"2018-03-16T01:06:02","slug":"policiais-militares-suspeitos-de-extorsao-sao-presos-no-rio","status":"publish","type":"post","link":"https:\/\/diarioregionaldigital.com.br\/?p=93957","title":{"rendered":"Policiais militares suspeitos de extors\u00e3o s\u00e3o presos no Rio"},"content":{"rendered":"<p>Policiais da 34\u00aa Delegacia de Pol\u00edcia do Rio de Janeiro prederam em flagrante, hoje, 15, tr\u00eas policiais militares com armas e muni\u00e7\u00f5es. Eles foram enquadrados pelos crimes de posse ilegal de arma de fogo e associa\u00e7\u00e3o criminosa. Os presos se passavam por policiais civis para extorquir moradores e comerciantes em Bangu, na zona oeste do Rio de Janeiro.<\/p>\n<p>Os policiais foram presos ao lado de um ve\u00edculo investigado pela Pol\u00edcia Civil. No carro, foram apreendidas tr\u00eas pistolas Glock calibre 9mm, de proced\u00eancia irregular, e duas pistolas 380. Uma das pistolas continha mira laser e carregador estendido e, a outra, foi modificada para tiros em rajada.<\/p>\n<p>Os presos foram identificados como o sargento da ativa Eliseu de Miranda Santos, e os oficiais da reserva Reinaldo Prata Perillo Souza e Alexandre Soares.<\/p>\n<p>Foi encontrado ainda no carro um capacete com o visor, usado para impedir que a v\u00edtima identificasse a abordagem, duas algemas, toca ninja, farta muni\u00e7\u00e3o, adesivo da Prefeitura do Rio, g\u00e1s paralisante, al\u00e9m de camisas com inscri\u00e7\u00f5es da Pol\u00edcia Civil.<\/p>\n<p>Em a\u00e7\u00e3o conjunta na quarta-feira (14) das pol\u00edcias Militar, Civil, Minist\u00e9rio P\u00fablico do Rio e a Corregedoria da Pol\u00edcia Militar, oito pessoas foram presas por suspeita de fazer parte de uma mil\u00edcia na Baixada Fluminense. Entre eles, quatro PMs da ativa e quatro ex-policiais.<\/p>\n<p>De acordo com as investiga\u00e7\u00f5es, al\u00e9m de cobrar taxa de seguran\u00e7a de resid\u00eancias e estabelecimentos comerciais, o grupo explorava a distribui\u00e7\u00e3o de sinal clandestino de TV a cabo, a venda de \u00e1gua e de g\u00e1s, o transporte alternativo e servi\u00e7os de motot\u00e1xis.<\/p>\n<hr \/>\n<p>&nbsp;Fonte: Ag\u00eancia Brasil<\/p>\n","protected":false},"excerpt":{"rendered":"<p>Policiais da 34\u00aa Delegacia de Pol\u00edcia do Rio de Janeiro prederam em flagrante, hoje, 15, tr\u00eas policiais militares com armas e muni\u00e7\u00f5es. Eles foram enquadrados pelos crimes de posse ilegal de arma de fogo e associa\u00e7\u00e3o criminosa. Os presos se passavam por policiais civis para extorquir moradores e comerciantes em Bangu, na zona oeste do [&hellip;]<\/p>\n","protected":false},"author":96,"featured_media":93956,"comment_status":"closed","ping_status":"closed","sticky":false,"template":"","format":"standard","meta":{"footnotes":""},"categories":[302],"tags":[],"class_list":["post-93957","post","type-post","status-publish","format-standard","has-post-thumbnail","hentry","category-brasil-mundo"],"_links":{"self":[{"href":"https:\/\/diarioregionaldigital.com.br\/index.php?rest_route=\/wp\/v2\/posts\/93957","targetHints":{"allow":["GET"]}}],"collection":[{"href":"https:\/\/diarioregionaldigital.com.br\/index.php?rest_route=\/wp\/v2\/posts"}],"about":[{"href":"https:\/\/diarioregionaldigital.com.br\/index.php?rest_route=\/wp\/v2\/types\/post"}],"author":[{"embeddable":true,"href":"https:\/\/diarioregionaldigital.com.br\/index.php?rest_route=\/wp\/v2\/users\/96"}],"replies":[{"embeddable":true,"href":"https:\/\/diarioregionaldigital.com.br\/index.php?rest_route=%2Fwp%2Fv2%2Fcomments&post=93957"}],"version-history":[{"count":0,"href":"https:\/\/diarioregionaldigital.com.br\/index.php?rest_route=\/wp\/v2\/posts\/93957\/revisions"}],"wp:featuredmedia":[{"embeddable":true,"href":"https:\/\/diarioregionaldigital.com.br\/index.php?rest_route=\/wp\/v2\/media\/93956"}],"wp:attachment":[{"href":"https:\/\/diarioregionaldigital.com.br\/index.php?rest_route=%2Fwp%2Fv2%2Fmedia&parent=93957"}],"wp:term":[{"taxonomy":"category","embeddable":true,"href":"https:\/\/diarioregionaldigital.com.br\/index.php?rest_route=%2Fwp%2Fv2%2Fcategories&post=93957"},{"taxonomy":"post_tag","embeddable":true,"href":"https:\/\/diarioregionaldigital.com.br\/index.php?rest_route=%2Fwp%2Fv2%2Ftags&post=93957"}],"curies":[{"name":"wp","href":"https:\/\/api.w.org\/{rel}","templated":true}]}}