{"id":93955,"date":"2018-03-15T22:01:50","date_gmt":"2018-03-16T01:01:50","guid":{"rendered":"http:\/\/diarioregionaljf.com.br\/2018\/03\/15\/desastres-naturais-levam-21-cidades-a-situacao-de-emergencia\/"},"modified":"2018-03-15T22:01:50","modified_gmt":"2018-03-16T01:01:50","slug":"desastres-naturais-levam-21-cidades-a-situacao-de-emergencia","status":"publish","type":"post","link":"https:\/\/diarioregionaldigital.com.br\/?p=93955","title":{"rendered":"Desastres naturais levam 21 cidades \u00e0 situa\u00e7\u00e3o de emerg\u00eancia"},"content":{"rendered":"<p>A Secretaria Nacional de Prote\u00e7\u00e3o e Defesa Civil (Sedec), do Minist\u00e9rio da Integra\u00e7\u00e3o, decretou situa\u00e7\u00e3o de emerg\u00eancia em 21 munic\u00edpios da Bahia, Minas Gerais, Par\u00e1 e Rio Grande do Sul. A medida permite que as prefeituras solicitem recursos da Uni\u00e3o para a\u00e7\u00f5es de socorro, assist\u00eancia, restabelecimento de servi\u00e7os essenciais e recupera\u00e7\u00e3o de \u00e1reas danificadas.<\/p>\n<p>Entre os locais com situa\u00e7\u00e3o de emerg\u00eancia reconhecida est\u00e3o cidades baianas, ga\u00fachas e mineiras que sofrem com a seca e desequil\u00edbrio hidrol\u00f3gico. Por outro lado, munic\u00edpios de Minas Gerais, do Mato Grosso, do Mato Grosso do Sul, de Santa Catarina e do Par\u00e1 foram atingidos por fortes chuvas.<\/p>\n<hr \/>\n<p>&nbsp;Fonte: Portal Brasil<\/p>\n","protected":false},"excerpt":{"rendered":"<p>A Secretaria Nacional de Prote\u00e7\u00e3o e Defesa Civil (Sedec), do Minist\u00e9rio da Integra\u00e7\u00e3o, decretou situa\u00e7\u00e3o de emerg\u00eancia em 21 munic\u00edpios da Bahia, Minas Gerais, Par\u00e1 e Rio Grande do Sul. A medida permite que as prefeituras solicitem recursos da Uni\u00e3o para a\u00e7\u00f5es de socorro, assist\u00eancia, restabelecimento de servi\u00e7os essenciais e recupera\u00e7\u00e3o de \u00e1reas danificadas. Entre [&hellip;]<\/p>\n","protected":false},"author":96,"featured_media":93954,"comment_status":"closed","ping_status":"closed","sticky":false,"template":"","format":"standard","meta":{"footnotes":""},"categories":[302],"tags":[],"class_list":["post-93955","post","type-post","status-publish","format-standard","has-post-thumbnail","hentry","category-brasil-mundo"],"_links":{"self":[{"href":"https:\/\/diarioregionaldigital.com.br\/index.php?rest_route=\/wp\/v2\/posts\/93955","targetHints":{"allow":["GET"]}}],"collection":[{"href":"https:\/\/diarioregionaldigital.com.br\/index.php?rest_route=\/wp\/v2\/posts"}],"about":[{"href":"https:\/\/diarioregionaldigital.com.br\/index.php?rest_route=\/wp\/v2\/types\/post"}],"author":[{"embeddable":true,"href":"https:\/\/diarioregionaldigital.com.br\/index.php?rest_route=\/wp\/v2\/users\/96"}],"replies":[{"embeddable":true,"href":"https:\/\/diarioregionaldigital.com.br\/index.php?rest_route=%2Fwp%2Fv2%2Fcomments&post=93955"}],"version-history":[{"count":0,"href":"https:\/\/diarioregionaldigital.com.br\/index.php?rest_route=\/wp\/v2\/posts\/93955\/revisions"}],"wp:featuredmedia":[{"embeddable":true,"href":"https:\/\/diarioregionaldigital.com.br\/index.php?rest_route=\/wp\/v2\/media\/93954"}],"wp:attachment":[{"href":"https:\/\/diarioregionaldigital.com.br\/index.php?rest_route=%2Fwp%2Fv2%2Fmedia&parent=93955"}],"wp:term":[{"taxonomy":"category","embeddable":true,"href":"https:\/\/diarioregionaldigital.com.br\/index.php?rest_route=%2Fwp%2Fv2%2Fcategories&post=93955"},{"taxonomy":"post_tag","embeddable":true,"href":"https:\/\/diarioregionaldigital.com.br\/index.php?rest_route=%2Fwp%2Fv2%2Ftags&post=93955"}],"curies":[{"name":"wp","href":"https:\/\/api.w.org\/{rel}","templated":true}]}}