{"id":93949,"date":"2018-03-15T21:50:52","date_gmt":"2018-03-16T00:50:52","guid":{"rendered":"http:\/\/diarioregionaljf.com.br\/2018\/03\/15\/portaria-da-receita-federal-oficializa-facilidades-em-importacao-de-armas\/"},"modified":"2018-03-15T21:50:52","modified_gmt":"2018-03-16T00:50:52","slug":"portaria-da-receita-federal-oficializa-facilidades-em-importacao-de-armas","status":"publish","type":"post","link":"https:\/\/diarioregionaldigital.com.br\/?p=93949","title":{"rendered":"Portaria da Receita Federal oficializa facilidades em importa\u00e7\u00e3o de armas"},"content":{"rendered":"<p>Armas, muni\u00e7\u00f5es e produtos qu\u00edmicos poder\u00e3o ter a importa\u00e7\u00e3o facilitada. Uma portaria entre a Receita Federal e Ex\u00e9rcito, publicada na edi\u00e7\u00e3o de hoje, 15, do Di\u00e1rio Oficial da Uni\u00e3o, prev\u00ea a facilita\u00e7\u00e3o desse tipo de importa\u00e7\u00e3o.<\/p>\n<p>A parceria envolve o Operador Econ\u00f4mico Autorizado (OEA) &#8211; Integrado, certificado dado a empresas reconhecidas pela Aduana Brasileira e consideradas de baixo risco em termos de seguran\u00e7a f\u00edsica de carga e de cumprimento das obriga\u00e7\u00f5es.<\/p>\n<p>Segundo a Receita Federal, o modelo do OEA-Integrado foi iniciado com o Minist\u00e9rio da Agricultura, Pecu\u00e1ria e Abastecimento e, agora, entra na fase de amplia\u00e7\u00e3o das tratativas com outros \u00f3rg\u00e3os que controlam o com\u00e9rcio exterior para estender os benef\u00edcios oferecidos para as empresas certificadas.<\/p>\n<p>\u201cO OEA-Integrado RFB e Ex\u00e9rcito Brasileiro \u00e9 mais uma iniciativa para facilitar, com seguran\u00e7a e controle, os procedimentos de importa\u00e7\u00e3o no pa\u00eds, reduzir os custos operacionais das empresas e otimizar a gest\u00e3o de recursos humanos para os \u00f3rg\u00e3os p\u00fablicos\u201d, disse a Receita, em nota.<\/p>\n<p>Acrescentou que, em geral, na importa\u00e7\u00e3o de produtos controlados, o Ex\u00e9rcito precisa aprovar individualmente cada autoriza\u00e7\u00e3o.<\/p>\n<p>\u201cEm negocia\u00e7\u00e3o pr\u00e9via, o que se vislumbrou \u00e9 a possibilidade de o Ex\u00e9rcito passar a fazer parte do Programa OEA da Receita Federal e estabelecer, no \u00e2mbito de sua compet\u00eancia, requisitos e crit\u00e9rios de seguran\u00e7a e conformidade para fazer as autoriza\u00e7\u00f5es em bloco, isto \u00e9, para uma determinada quantidade\u201d, finalizou a Receita.<\/p>\n<hr \/>\n<p>&nbsp;Fonte: Ag\u00eancia Brasil<\/p>\n","protected":false},"excerpt":{"rendered":"<p>Armas, muni\u00e7\u00f5es e produtos qu\u00edmicos poder\u00e3o ter a importa\u00e7\u00e3o facilitada. Uma portaria entre a Receita Federal e Ex\u00e9rcito, publicada na edi\u00e7\u00e3o de hoje, 15, do Di\u00e1rio Oficial da Uni\u00e3o, prev\u00ea a facilita\u00e7\u00e3o desse tipo de importa\u00e7\u00e3o. A parceria envolve o Operador Econ\u00f4mico Autorizado (OEA) &#8211; Integrado, certificado dado a empresas reconhecidas pela Aduana Brasileira e [&hellip;]<\/p>\n","protected":false},"author":96,"featured_media":93948,"comment_status":"closed","ping_status":"closed","sticky":false,"template":"","format":"standard","meta":{"footnotes":""},"categories":[261],"tags":[],"class_list":["post-93949","post","type-post","status-publish","format-standard","has-post-thumbnail","hentry","category-economia"],"_links":{"self":[{"href":"https:\/\/diarioregionaldigital.com.br\/index.php?rest_route=\/wp\/v2\/posts\/93949","targetHints":{"allow":["GET"]}}],"collection":[{"href":"https:\/\/diarioregionaldigital.com.br\/index.php?rest_route=\/wp\/v2\/posts"}],"about":[{"href":"https:\/\/diarioregionaldigital.com.br\/index.php?rest_route=\/wp\/v2\/types\/post"}],"author":[{"embeddable":true,"href":"https:\/\/diarioregionaldigital.com.br\/index.php?rest_route=\/wp\/v2\/users\/96"}],"replies":[{"embeddable":true,"href":"https:\/\/diarioregionaldigital.com.br\/index.php?rest_route=%2Fwp%2Fv2%2Fcomments&post=93949"}],"version-history":[{"count":0,"href":"https:\/\/diarioregionaldigital.com.br\/index.php?rest_route=\/wp\/v2\/posts\/93949\/revisions"}],"wp:featuredmedia":[{"embeddable":true,"href":"https:\/\/diarioregionaldigital.com.br\/index.php?rest_route=\/wp\/v2\/media\/93948"}],"wp:attachment":[{"href":"https:\/\/diarioregionaldigital.com.br\/index.php?rest_route=%2Fwp%2Fv2%2Fmedia&parent=93949"}],"wp:term":[{"taxonomy":"category","embeddable":true,"href":"https:\/\/diarioregionaldigital.com.br\/index.php?rest_route=%2Fwp%2Fv2%2Fcategories&post=93949"},{"taxonomy":"post_tag","embeddable":true,"href":"https:\/\/diarioregionaldigital.com.br\/index.php?rest_route=%2Fwp%2Fv2%2Ftags&post=93949"}],"curies":[{"name":"wp","href":"https:\/\/api.w.org\/{rel}","templated":true}]}}