{"id":93947,"date":"2018-03-15T20:33:21","date_gmt":"2018-03-15T23:33:21","guid":{"rendered":"http:\/\/diarioregionaljf.com.br\/2018\/03\/15\/passando-o-chapeu\/"},"modified":"2018-03-15T20:33:21","modified_gmt":"2018-03-15T23:33:21","slug":"passando-o-chapeu","status":"publish","type":"post","link":"https:\/\/diarioregionaldigital.com.br\/?p=93947","title":{"rendered":"Passando o chap\u00e9u"},"content":{"rendered":"<p>Depois de Luiz Zerbini, devem participar do ciclo de&nbsp;patronos do Inhotim, Adriana Varej\u00e3o e Miguel Rio Branco. No projeto, artistas do acervo do museu criam obras especialmente para os patronos que, em troca, d\u00e3o uma contribui\u00e7\u00e3o de R$30 mil ao Instituto. Zerbini criou duas litogravuras para serem escolhidos para os patrocinadores.<\/p>\n<hr \/>\n<h4>NO AR<\/h4>\n<p>A Wtorre vai construir (e operar) um aeroporto internacional em Om\u00e3. A construtora brasileira venceu uma concorr\u00eancia aberta pelo governo&nbsp;local. \u00c9 um raro caso, ali\u00e1s, em que o BNDES n\u00e3o est\u00e1 envolvido numa opera\u00e7\u00e3o de exporta\u00e7\u00e3o de servi\u00e7os \u2013 tudo ser\u00e1 financiado pelo governo de Om\u00e3.<\/p>\n<hr \/>\n<h4>DESTAQUE<\/h4>\n<p>O bailarino Luiz Carlos Nogueira (Arad) aterrissou em Juiz de Fora. De forma peculiar, entregou os certificados \u00e0s alunas do Studio de Dan\u00e7a Vivian Mockdece, aprovadas na Royal Academy of Dance. Rec\u00e9m chegado de Londres ele aproveitou e foi jantar no Assunta.<\/p>\n<hr \/>\n<h4>VIAJANDO<\/h4>\n<p>Bonita e talentosa, a atriz Mariana Rios, al\u00e9m de cantora e apresentadora, foi escolhida como embaixadora da Jaguar no Brasil. Esta \u00e9 a primeira vez que uma mulher \u00e9 usada como op\u00e7\u00e3o. A parceria durar\u00e1 um ano.<\/p>\n<hr \/>\n<h4>DICA<\/h4>\n<p>Antenad\u00edssimo com a qualidade&nbsp;de vida, o jovem Pedro&nbsp;Arthur arrasa como consultor independente Herbalife. Ele&nbsp;atua no Espa\u00e7o Vida Saud\u00e1vel,&nbsp;na rua Batista de Oliveira,&nbsp;470 &#8211; sala 301. L\u00e1, todo&nbsp;dia tem Shake Calda.<\/p>\n<hr \/>\n<p>&nbsp;<\/p>\n<p style=\"text-align: center;\"><img loading=\"lazy\" decoding=\"async\" class=\" size-full wp-image-93937\" src=\"http:\/\/diarioregionaljf.com.br\/wp-content\/uploads\/2018\/03\/diario-int-25120-1.jpg\" alt=\"Foto AA.jpg\" style=\"display: block; margin-left: auto; margin-right: auto;\" width=\"270\" height=\"450\" srcset=\"https:\/\/diarioregionaldigital.com.br\/wp-content\/uploads\/2018\/03\/diario-int-25120-1.jpg 270w, https:\/\/diarioregionaldigital.com.br\/wp-content\/uploads\/2018\/03\/diario-int-25120-1-180x300.jpg 180w\" sizes=\"auto, (max-width: 270px) 100vw, 270px\" \/>Aniversariando hoje, 16, o bonito&nbsp;modelo e universit\u00e1rio Luciano Toledo<\/p>\n<p>&nbsp;<\/p>\n<p style=\"text-align: center;\"><img loading=\"lazy\" decoding=\"async\" class=\" size-full wp-image-93938\" src=\"http:\/\/diarioregionaljf.com.br\/wp-content\/uploads\/2018\/03\/diario-int-25120-2.jpg\" alt=\"Foto BB.jpg\" style=\"display: block; margin-left: auto; margin-right: auto;\" width=\"675\" height=\"450\" srcset=\"https:\/\/diarioregionaldigital.com.br\/wp-content\/uploads\/2018\/03\/diario-int-25120-2.jpg 675w, https:\/\/diarioregionaldigital.com.br\/wp-content\/uploads\/2018\/03\/diario-int-25120-2-300x200.jpg 300w, https:\/\/diarioregionaldigital.com.br\/wp-content\/uploads\/2018\/03\/diario-int-25120-2-360x240.jpg 360w\" sizes=\"auto, (max-width: 675px) 100vw, 675px\" \/>Para o lan\u00e7amento da Embaixada Rubro Negra, no s\u00e1bado,&nbsp;17, no Green Hill, o fot\u00f3grafo Thiago Kadesh convocou os&nbsp;lindos Karine, Tiago e D\u00e9bora, da Discovery Models<\/p>\n<p>&nbsp;<\/p>\n<p style=\"text-align: center;\"><img loading=\"lazy\" decoding=\"async\" class=\" size-full wp-image-93939\" src=\"http:\/\/diarioregionaljf.com.br\/wp-content\/uploads\/2018\/03\/diario-int-25120-3.jpg\" alt=\"fotoa.jpg\" style=\"display: block; margin-left: auto; margin-right: auto;\" width=\"360\" height=\"450\" srcset=\"https:\/\/diarioregionaldigital.com.br\/wp-content\/uploads\/2018\/03\/diario-int-25120-3.jpg 360w, https:\/\/diarioregionaldigital.com.br\/wp-content\/uploads\/2018\/03\/diario-int-25120-3-240x300.jpg 240w\" sizes=\"auto, (max-width: 360px) 100vw, 360px\" \/>Um close&nbsp;especial no&nbsp;forte candidato&nbsp;a Mr. Juiz de&nbsp;Fora 2018,&nbsp;Tarc\u00edsio Oliveira,&nbsp;em foto de&nbsp;Johnny Pio<\/p>\n<p>&nbsp;<\/p>\n<p style=\"text-align: center;\"><img loading=\"lazy\" decoding=\"async\" class=\" size-full wp-image-93940\" src=\"http:\/\/diarioregionaljf.com.br\/wp-content\/uploads\/2018\/03\/diario-int-25120-4.jpg\" alt=\"fotob.jpg\" style=\"display: block; margin-left: auto; margin-right: auto;\" width=\"338\" height=\"450\" srcset=\"https:\/\/diarioregionaldigital.com.br\/wp-content\/uploads\/2018\/03\/diario-int-25120-4.jpg 338w, https:\/\/diarioregionaldigital.com.br\/wp-content\/uploads\/2018\/03\/diario-int-25120-4-225x300.jpg 225w\" sizes=\"auto, (max-width: 338px) 100vw, 338px\" \/>No Capit\u00f3lio durante seu baile de formatura em&nbsp;Direito pela UFJF, Aline Nicolette recebeu os amigos&nbsp;Morel Gustavo, Thiago Silva e Talison Vardiero<\/p>\n<p>&nbsp;<\/p>\n<p style=\"text-align: center;\"><img loading=\"lazy\" decoding=\"async\" class=\" size-full wp-image-93941\" src=\"http:\/\/diarioregionaljf.com.br\/wp-content\/uploads\/2018\/03\/diario-int-25120-5.jpg\" alt=\"fotoc.jpg\" style=\"display: block; margin-left: auto; margin-right: auto;\" width=\"677\" height=\"450\" srcset=\"https:\/\/diarioregionaldigital.com.br\/wp-content\/uploads\/2018\/03\/diario-int-25120-5.jpg 677w, https:\/\/diarioregionaldigital.com.br\/wp-content\/uploads\/2018\/03\/diario-int-25120-5-300x199.jpg 300w, https:\/\/diarioregionaldigital.com.br\/wp-content\/uploads\/2018\/03\/diario-int-25120-5-360x239.jpg 360w\" sizes=\"auto, (max-width: 677px) 100vw, 677px\" \/>Recebendo o T\u00edtulo de Cidad\u00e3o&nbsp;Honor\u00e1rio de Juiz de Fora, o deputado&nbsp;federal Rodrigo Ot\u00e1vio Soares Pacheco&nbsp;do vereador Dr. Ant\u00f4nio Aguiar<\/p>\n<p>&nbsp;<\/p>\n<p style=\"text-align: center;\"><img loading=\"lazy\" decoding=\"async\" class=\" size-full wp-image-93942\" src=\"http:\/\/diarioregionaljf.com.br\/wp-content\/uploads\/2018\/03\/diario-int-25120-6.jpg\" alt=\"fotod.jpg\" style=\"display: block; margin-left: auto; margin-right: auto;\" width=\"608\" height=\"450\" srcset=\"https:\/\/diarioregionaldigital.com.br\/wp-content\/uploads\/2018\/03\/diario-int-25120-6.jpg 608w, https:\/\/diarioregionaldigital.com.br\/wp-content\/uploads\/2018\/03\/diario-int-25120-6-300x222.jpg 300w, https:\/\/diarioregionaldigital.com.br\/wp-content\/uploads\/2018\/03\/diario-int-25120-6-360x266.jpg 360w\" sizes=\"auto, (max-width: 608px) 100vw, 608px\" \/>Em sua deslumbrante&nbsp;exposi\u00e7\u00e3o no Shopping&nbsp;Jardim Norte, o tel\u00farico&nbsp;artista-artes\u00e3o Yure Mendes<\/p>\n<p>&nbsp;<\/p>\n<p style=\"text-align: center;\"><img loading=\"lazy\" decoding=\"async\" class=\" size-full wp-image-93943\" src=\"http:\/\/diarioregionaljf.com.br\/wp-content\/uploads\/2018\/03\/diario-int-25120-7.jpg\" alt=\"fotof.jpg\" style=\"display: block; margin-left: auto; margin-right: auto;\" width=\"360\" height=\"450\" srcset=\"https:\/\/diarioregionaldigital.com.br\/wp-content\/uploads\/2018\/03\/diario-int-25120-7.jpg 360w, https:\/\/diarioregionaldigital.com.br\/wp-content\/uploads\/2018\/03\/diario-int-25120-7-240x300.jpg 240w\" sizes=\"auto, (max-width: 360px) 100vw, 360px\" \/>No Privilaje durante seu ch\u00e1&nbsp;de Beb\u00ea, Elessandra Lima&nbsp;recebeu a bonita Dani Verpel<\/p>\n<p>&nbsp;<\/p>\n<p style=\"text-align: center;\"><img loading=\"lazy\" decoding=\"async\" class=\" size-full wp-image-93944\" src=\"http:\/\/diarioregionaljf.com.br\/wp-content\/uploads\/2018\/03\/diario-int-25120-8.jpg\" alt=\"fotog.jpg\" style=\"display: block; margin-left: auto; margin-right: auto;\" width=\"253\" height=\"450\" srcset=\"https:\/\/diarioregionaldigital.com.br\/wp-content\/uploads\/2018\/03\/diario-int-25120-8.jpg 253w, https:\/\/diarioregionaldigital.com.br\/wp-content\/uploads\/2018\/03\/diario-int-25120-8-169x300.jpg 169w\" sizes=\"auto, (max-width: 253px) 100vw, 253px\" \/>Eduardo Gomes paparica&nbsp;sua afilhada Sandra Portella&nbsp;que faz show com Moacyr&nbsp;Luz, s\u00e1bado, 17, no Cultural<\/p>\n<p>&nbsp;<\/p>\n<p style=\"text-align: center;\"><img loading=\"lazy\" decoding=\"async\" class=\" size-full wp-image-93945\" src=\"http:\/\/diarioregionaljf.com.br\/wp-content\/uploads\/2018\/03\/diario-int-25120-9.jpg\" alt=\"fotoi.jpg\" style=\"display: block; margin-left: auto; margin-right: auto;\" width=\"306\" height=\"450\" srcset=\"https:\/\/diarioregionaldigital.com.br\/wp-content\/uploads\/2018\/03\/diario-int-25120-9.jpg 306w, https:\/\/diarioregionaldigital.com.br\/wp-content\/uploads\/2018\/03\/diario-int-25120-9-204x300.jpg 204w\" sizes=\"auto, (max-width: 306px) 100vw, 306px\" \/>Aniversariando, Wesley&nbsp;Moreira recebeu para&nbsp;suave churrasco<\/p>\n<p>&nbsp;<\/p>\n<p style=\"text-align: center;\"><img loading=\"lazy\" decoding=\"async\" class=\" size-full wp-image-93946\" src=\"http:\/\/diarioregionaljf.com.br\/wp-content\/uploads\/2018\/03\/diario-int-25120-10.jpg\" alt=\"fotoj.jpg\" style=\"display: block; margin-left: auto; margin-right: auto;\" width=\"338\" height=\"450\" srcset=\"https:\/\/diarioregionaldigital.com.br\/wp-content\/uploads\/2018\/03\/diario-int-25120-10.jpg 338w, https:\/\/diarioregionaldigital.com.br\/wp-content\/uploads\/2018\/03\/diario-int-25120-10-225x300.jpg 225w\" sizes=\"auto, (max-width: 338px) 100vw, 338px\" \/>Na Carmem Steffens, o&nbsp;charme de Rafaela Guimar\u00e3es,&nbsp;Cl\u00e1udia Mattos e Cris Estecian<\/p>\n<hr \/>\n<h4 style=\"text-align: center;\">FOTOSS\u00cdNTESE<\/h4>\n<p>&nbsp;<\/p>\n<p>&nbsp;\u2022 Eternos reis da cocada preta, Alexandre Pereira &amp; Marcus Amaral voltam a apresentar o aplaudid\u00edssimo show Eles e a Marrom \u2013 Um tributo a Alcione, neste s\u00e1bado, \u00e0s 20h30, no Planet Music.<\/p>\n<p>\u2022 Agendado para 23 de mar\u00e7o, a palestra gratuita sobre \u201cInicia\u00e7\u00e3o Para Manuten\u00e7\u00e3o em Cambio Autom\u00e1tico\u201d. A promo\u00e7\u00e3o \u00e9 da Autom\u00e1tico Brasil e as inscri\u00e7\u00f5es pelo Whats App (14) 99898-8512.<\/p>\n<p>\u2022 Para o dia 17, \u00e0s 19h30, tem a badalada Noite Oriental na Est\u00e2ncia Dom Vi\u00e7oso.<\/p>\n<p>\u2022 Um bom p\u00fablico acompanhou a abertura da Copa&nbsp;Prefeitura Bahamas de Futsal, no gin\u00e1sio do Col\u00e9gio&nbsp;dos Jesu\u00edtas.<\/p>\n<p>\u2022 Com a participa\u00e7\u00e3o de 20&nbsp;artes\u00e3os foi realizada a apresenta\u00e7\u00e3o&nbsp;do Projeto da Cooperativa&nbsp;de Artesanato de&nbsp;Santa Clara. O evento no Bairro Milho Branco, foi realizado&nbsp;no GRES Uni\u00e3o das Cores.<\/p>\n<p>\u2022 Nas ondas da r\u00e1dio, Charlotte&nbsp;Heekbber vai chegando&nbsp;de mansinho, mostrando estilo&nbsp;pr\u00f3prio.<\/p>\n<p>\u2022 Causando impacto visual, as imagens clicadas pelo&nbsp;novo fot\u00f3grafo na \u00e1rea J.P.&nbsp;Brum. Para contratar: (32)&nbsp;99956-7967.<\/p>\n<p>\u2022 O bomb\u00e1stico concurso&nbsp;Miss e Mister Juiz de Fora&nbsp;2018, acontece no dia 30&nbsp;de maio, no Teatro Solar. O&nbsp;evento re\u00fane, os rostos mais&nbsp;bonitos da cidade.<\/p>\n<p>\u2022 Circulando no novo Rocket&nbsp;Pub, Saulo Aguiar, Felipe&nbsp;Bolpato, Bruno Carraci de&nbsp;Nelo, Soraia Aquino, Lourdes&nbsp;Maria, Giovani Guimar\u00e3es,&nbsp;Lola Turolla e Adiel Franco.<\/p>\n<p>\u2022 A estudante de veterin\u00e1ria&nbsp;de Juiz de Fora L\u00eddia Meggiolaro&nbsp;criou aplicativo com diversos&nbsp;servi\u00e7os relacionados&nbsp;ao mundo pet. Para Mirian&nbsp;Neder, Lelei Faini, Lu Horta,&nbsp;Marcos Trajano e M\u00e1rcio&nbsp;Marques ficarem ligados.<\/p>\n<p>\u2022 Duas queridas mulheres de&nbsp;Juiz de Fora foram homenageadas&nbsp;com a \u201cMedalha&nbsp;Rosa Cabinda\u201d, Dona Linda&nbsp;(leia-se Padaria Linda) e Suzana&nbsp;Freitas Villa\u00e7a Neves. Aplausos.<\/p>\n<p>\u2022 Recadinho sutil. Lembre-se,&nbsp;atr\u00e1s de um port\u00e3o qualquer&nbsp;cachorro late. Bom dia!<\/p>\n<p>&nbsp;<\/p>\n<p>&nbsp;<\/p>\n<p>&nbsp;<\/p>\n","protected":false},"excerpt":{"rendered":"<p>Depois de Luiz Zerbini, devem participar do ciclo de&nbsp;patronos do Inhotim, Adriana Varej\u00e3o e Miguel Rio Branco. No projeto, artistas do acervo do museu criam obras especialmente para os patronos que, em troca, d\u00e3o uma contribui\u00e7\u00e3o de R$30 mil ao Instituto. Zerbini criou duas litogravuras para serem escolhidos para os patrocinadores. NO AR A Wtorre [&hellip;]<\/p>\n","protected":false},"author":96,"featured_media":93936,"comment_status":"closed","ping_status":"closed","sticky":false,"template":"","format":"standard","meta":{"footnotes":""},"categories":[264],"tags":[],"class_list":["post-93947","post","type-post","status-publish","format-standard","has-post-thumbnail","hentry","category-eduardo-gomes"],"_links":{"self":[{"href":"https:\/\/diarioregionaldigital.com.br\/index.php?rest_route=\/wp\/v2\/posts\/93947","targetHints":{"allow":["GET"]}}],"collection":[{"href":"https:\/\/diarioregionaldigital.com.br\/index.php?rest_route=\/wp\/v2\/posts"}],"about":[{"href":"https:\/\/diarioregionaldigital.com.br\/index.php?rest_route=\/wp\/v2\/types\/post"}],"author":[{"embeddable":true,"href":"https:\/\/diarioregionaldigital.com.br\/index.php?rest_route=\/wp\/v2\/users\/96"}],"replies":[{"embeddable":true,"href":"https:\/\/diarioregionaldigital.com.br\/index.php?rest_route=%2Fwp%2Fv2%2Fcomments&post=93947"}],"version-history":[{"count":0,"href":"https:\/\/diarioregionaldigital.com.br\/index.php?rest_route=\/wp\/v2\/posts\/93947\/revisions"}],"wp:featuredmedia":[{"embeddable":true,"href":"https:\/\/diarioregionaldigital.com.br\/index.php?rest_route=\/wp\/v2\/media\/93936"}],"wp:attachment":[{"href":"https:\/\/diarioregionaldigital.com.br\/index.php?rest_route=%2Fwp%2Fv2%2Fmedia&parent=93947"}],"wp:term":[{"taxonomy":"category","embeddable":true,"href":"https:\/\/diarioregionaldigital.com.br\/index.php?rest_route=%2Fwp%2Fv2%2Fcategories&post=93947"},{"taxonomy":"post_tag","embeddable":true,"href":"https:\/\/diarioregionaldigital.com.br\/index.php?rest_route=%2Fwp%2Fv2%2Ftags&post=93947"}],"curies":[{"name":"wp","href":"https:\/\/api.w.org\/{rel}","templated":true}]}}