{"id":93935,"date":"2018-03-15T19:22:48","date_gmt":"2018-03-15T22:22:48","guid":{"rendered":"http:\/\/diarioregionaljf.com.br\/2018\/03\/15\/pjf-e-ufjf-promovem-semana-de-vacinacao-contra-febre-amarela-no-campus\/"},"modified":"2018-03-15T19:22:48","modified_gmt":"2018-03-15T22:22:48","slug":"pjf-e-ufjf-promovem-semana-de-vacinacao-contra-febre-amarela-no-campus","status":"publish","type":"post","link":"https:\/\/diarioregionaldigital.com.br\/?p=93935","title":{"rendered":"PJF e UFJF promovem semana de vacina\u00e7\u00e3o contra febre amarela no Campus"},"content":{"rendered":"<p>A Prefeitura de Juiz de Fora (PJF), atrav\u00e9s da Secretaria de Sa\u00fade (SS), em parceria com a Pr\u00f3-Reitoria de Gest\u00e3o de Pessoas (Progepe) da Universidade Federal de Juiz de Fora (UFJF), promover\u00e1 semana de vacina\u00e7\u00e3o contra febre amarela no Campus. A a\u00e7\u00e3o, entre os dias 19 e 23 de mar\u00e7o, tem como principal objetivo aumentar a cobertura vacinal na cidade.<\/p>\n<p>Durante toda a semana, profissionais da PJF e da Faculdade de Enfermagem da UFJF estar\u00e3o no sagu\u00e3o da Reitoria, entre 8h e 16h, aplicando a dose \u00fanica da vacina. A a\u00e7\u00e3o ser\u00e1 aberta \u00e0 comunidade acad\u00eamica e \u00e0 popula\u00e7\u00e3o do entorno. Todas as pessoas sem contraindica\u00e7\u00f5es ser\u00e3o imunizadas.<\/p>\n<p>&nbsp;<\/p>\n<h4>ACAD\u00caMICOS PASSAM POR CAPACITA\u00c7\u00c3O<\/h4>\n<p>A SS promover\u00e1 nesta sexta-feira, 16, das 8h \u00e0s 10h, na Vigil\u00e2ncia em Sa\u00fade, treinamento para os acad\u00eamicos envolvidos na aplica\u00e7\u00e3o das doses. Participar\u00e3o da atividade cerca de dez estudantes de enfermagem da UFJF, que ser\u00e3o instru\u00eddos quanto \u00e0 prepara\u00e7\u00e3o correta da dose, refrigera\u00e7\u00e3o, conserva\u00e7\u00e3o e t\u00e9cnica para aplica\u00e7\u00e3o.<\/p>\n<p>Fonte: Assessoria<\/p>\n","protected":false},"excerpt":{"rendered":"<p>A Prefeitura de Juiz de Fora (PJF), atrav\u00e9s da Secretaria de Sa\u00fade (SS), em parceria com a Pr\u00f3-Reitoria de Gest\u00e3o de Pessoas (Progepe) da Universidade Federal de Juiz de Fora (UFJF), promover\u00e1 semana de vacina\u00e7\u00e3o contra febre amarela no Campus. A a\u00e7\u00e3o, entre os dias 19 e 23 de mar\u00e7o, tem como principal objetivo aumentar [&hellip;]<\/p>\n","protected":false},"author":96,"featured_media":93934,"comment_status":"closed","ping_status":"closed","sticky":false,"template":"","format":"standard","meta":{"footnotes":""},"categories":[253],"tags":[],"class_list":["post-93935","post","type-post","status-publish","format-standard","has-post-thumbnail","hentry","category-cidade"],"_links":{"self":[{"href":"https:\/\/diarioregionaldigital.com.br\/index.php?rest_route=\/wp\/v2\/posts\/93935","targetHints":{"allow":["GET"]}}],"collection":[{"href":"https:\/\/diarioregionaldigital.com.br\/index.php?rest_route=\/wp\/v2\/posts"}],"about":[{"href":"https:\/\/diarioregionaldigital.com.br\/index.php?rest_route=\/wp\/v2\/types\/post"}],"author":[{"embeddable":true,"href":"https:\/\/diarioregionaldigital.com.br\/index.php?rest_route=\/wp\/v2\/users\/96"}],"replies":[{"embeddable":true,"href":"https:\/\/diarioregionaldigital.com.br\/index.php?rest_route=%2Fwp%2Fv2%2Fcomments&post=93935"}],"version-history":[{"count":0,"href":"https:\/\/diarioregionaldigital.com.br\/index.php?rest_route=\/wp\/v2\/posts\/93935\/revisions"}],"wp:featuredmedia":[{"embeddable":true,"href":"https:\/\/diarioregionaldigital.com.br\/index.php?rest_route=\/wp\/v2\/media\/93934"}],"wp:attachment":[{"href":"https:\/\/diarioregionaldigital.com.br\/index.php?rest_route=%2Fwp%2Fv2%2Fmedia&parent=93935"}],"wp:term":[{"taxonomy":"category","embeddable":true,"href":"https:\/\/diarioregionaldigital.com.br\/index.php?rest_route=%2Fwp%2Fv2%2Fcategories&post=93935"},{"taxonomy":"post_tag","embeddable":true,"href":"https:\/\/diarioregionaldigital.com.br\/index.php?rest_route=%2Fwp%2Fv2%2Ftags&post=93935"}],"curies":[{"name":"wp","href":"https:\/\/api.w.org\/{rel}","templated":true}]}}