{"id":93933,"date":"2018-03-15T19:00:59","date_gmt":"2018-03-15T22:00:59","guid":{"rendered":"http:\/\/diarioregionaljf.com.br\/2018\/03\/15\/juizes-federais-e-do-trabalho-param-em-defesa-de-auxilio-moradia-de-r-4-3-mil\/"},"modified":"2018-03-15T19:00:59","modified_gmt":"2018-03-15T22:00:59","slug":"juizes-federais-e-do-trabalho-param-em-defesa-de-auxilio-moradia-de-r-4-3-mil","status":"publish","type":"post","link":"https:\/\/diarioregionaldigital.com.br\/?p=93933","title":{"rendered":"Ju\u00edzes federais e do trabalho param em defesa de aux\u00edlio-moradia de R$4,3 mil"},"content":{"rendered":"<p>Ju\u00edzes federais fazem nesta quinta-feira, 15, uma mobiliza\u00e7\u00e3o nacional em defesa do recebimento de aux\u00edlio-moradia, ap\u00f3s o Supremo Tribunal Federal (STF) ter marcado para o dia 22 deste m\u00eas o julgamento sobre a manuten\u00e7\u00e3o ou n\u00e3o do benef\u00edcio, hoje no valor de R$4,3 mil.<\/p>\n<p>A mobiliza\u00e7\u00e3o foi organizada pela Associa\u00e7\u00e3o dos Ju\u00edzes Federais do Brasil e outras entidades de classe jur\u00eddicas tamb\u00e9m aderiram ao movimento, como a Associa\u00e7\u00e3o Nacional dos Magistrados do Trabalho, a Associa\u00e7\u00e3o Nacional dos Procuradores da Rep\u00fablica e a Associa\u00e7\u00e3o Nacional dos Procuradores do Trabalho.<\/p>\n<p>Ocorrem atos conjuntos em S\u00e3o Paulo, no Rio de Janeiro, em Salvador, Bel\u00e9m, Porto Alegre e no Distrito Federal. Em outras 12 capitais, entidades representativas regionais tamb\u00e9m fazem manifesta\u00e7\u00f5es. Devido \u00e0 mobiliza\u00e7\u00e3o, algumas varas funcionam em regime de plant\u00e3o.<\/p>\n<p>Magistrados e procuradores defendem o direito a receber o aux\u00edlio-moradia mesmo nos casos em que os beneficiados possuem resid\u00eancia pr\u00f3pria na cidade em que trabalham. Eles argumentam que a verba serve como compensa\u00e7\u00e3o \u00e0 defasagem inflacion\u00e1ria dos subs\u00eddios, que n\u00e3o s\u00e3o reajustados desde 2015.<\/p>\n<p>Outro argumento do movimento \u00e9 o de que o avan\u00e7o contra o aux\u00edlio-moradia faz parte de um \u201cataque insidioso e forte retalia\u00e7\u00e3o, agora j\u00e1 n\u00e3o disfar\u00e7ada, em raz\u00e3o de sua atua\u00e7\u00e3o t\u00e9cnica e isenta no cumprimento de suas fun\u00e7\u00f5es constitucionais, notadamente no que atine ao combate \u00e0 corrup\u00e7\u00e3o end\u00eamica\u201d, diz no movimento em nota.<\/p>\n<p>Uma decis\u00e3o liminar (provis\u00f3ria) do ministro Luiz Fux, proferida em setembro 2014, garantiu o pagamento do aux\u00edlio-moradia a todos os ju\u00edzes do pa\u00eds, estaduais ou federais, independentemente de terem resid\u00eancia pr\u00f3pria ou n\u00e3o. Ele entendeu que o benef\u00edcio est\u00e1 previsto na Lei Org\u00e2nica da Magistratura. O m\u00e9rito dessa decis\u00e3o \u00e9 que ir\u00e1 a julgamento no plen\u00e1rio do STF em 22 de mar\u00e7o.<\/p>\n<p>Como n\u00e3o \u00e9 considerada oficialmente como remunera\u00e7\u00e3o, o aux\u00edlio n\u00e3o entra no c\u00e1lculo do teto constitucional vigente sobre o sal\u00e1rio de todos os servidores p\u00fablicos, que n\u00e3o pode ultrapassar os proventos recebidos por ministros do STF, atualmente de R$33,7 mil.<\/p>\n<p>Em decorr\u00eancia de benef\u00edcios como o aux\u00edlio-moradia, praticamente em todos os tribunais do pa\u00eds h\u00e1 magistrados que recebem acima do teto, mostram dados sobre as folhas de pagamento recentemente divulgados pelo Conselho Nacional de Justi\u00e7a (CNJ).<\/p>\n<p>Nem todos os membros da magistratura brasileira aderiram ao movimento. No in\u00edcio do m\u00eas, o Conselho dos Tribunais de Justi\u00e7a, composto pelos presidentes das justi\u00e7as estaduais, criticou o movimento dos ju\u00edzes federais, embora tenha defendido a manuten\u00e7\u00e3o do aux\u00edlio-moradia. A Ordem dos Advogados do Brasil no Distrito Federal disse que ir\u00e1 acionar o CNJ para que puna os magistrados que n\u00e3o foram trabalhar nesta quinta-feira.<\/p>\n<p>Fonte: Ag\u00eancia Brasil<\/p>\n","protected":false},"excerpt":{"rendered":"<p>Ju\u00edzes federais fazem nesta quinta-feira, 15, uma mobiliza\u00e7\u00e3o nacional em defesa do recebimento de aux\u00edlio-moradia, ap\u00f3s o Supremo Tribunal Federal (STF) ter marcado para o dia 22 deste m\u00eas o julgamento sobre a manuten\u00e7\u00e3o ou n\u00e3o do benef\u00edcio, hoje no valor de R$4,3 mil. A mobiliza\u00e7\u00e3o foi organizada pela Associa\u00e7\u00e3o dos Ju\u00edzes Federais do Brasil [&hellip;]<\/p>\n","protected":false},"author":96,"featured_media":93932,"comment_status":"closed","ping_status":"closed","sticky":false,"template":"","format":"standard","meta":{"footnotes":""},"categories":[254],"tags":[],"class_list":["post-93933","post","type-post","status-publish","format-standard","has-post-thumbnail","hentry","category-politica"],"_links":{"self":[{"href":"https:\/\/diarioregionaldigital.com.br\/index.php?rest_route=\/wp\/v2\/posts\/93933","targetHints":{"allow":["GET"]}}],"collection":[{"href":"https:\/\/diarioregionaldigital.com.br\/index.php?rest_route=\/wp\/v2\/posts"}],"about":[{"href":"https:\/\/diarioregionaldigital.com.br\/index.php?rest_route=\/wp\/v2\/types\/post"}],"author":[{"embeddable":true,"href":"https:\/\/diarioregionaldigital.com.br\/index.php?rest_route=\/wp\/v2\/users\/96"}],"replies":[{"embeddable":true,"href":"https:\/\/diarioregionaldigital.com.br\/index.php?rest_route=%2Fwp%2Fv2%2Fcomments&post=93933"}],"version-history":[{"count":0,"href":"https:\/\/diarioregionaldigital.com.br\/index.php?rest_route=\/wp\/v2\/posts\/93933\/revisions"}],"wp:featuredmedia":[{"embeddable":true,"href":"https:\/\/diarioregionaldigital.com.br\/index.php?rest_route=\/wp\/v2\/media\/93932"}],"wp:attachment":[{"href":"https:\/\/diarioregionaldigital.com.br\/index.php?rest_route=%2Fwp%2Fv2%2Fmedia&parent=93933"}],"wp:term":[{"taxonomy":"category","embeddable":true,"href":"https:\/\/diarioregionaldigital.com.br\/index.php?rest_route=%2Fwp%2Fv2%2Fcategories&post=93933"},{"taxonomy":"post_tag","embeddable":true,"href":"https:\/\/diarioregionaldigital.com.br\/index.php?rest_route=%2Fwp%2Fv2%2Ftags&post=93933"}],"curies":[{"name":"wp","href":"https:\/\/api.w.org\/{rel}","templated":true}]}}