{"id":93931,"date":"2018-03-15T18:53:20","date_gmt":"2018-03-15T21:53:20","guid":{"rendered":"http:\/\/diarioregionaljf.com.br\/2018\/03\/15\/carmen-lucia-diz-que-habeas-corpus-de-lula-nao-depende-da-pauta-do-stf\/"},"modified":"2018-03-15T18:53:20","modified_gmt":"2018-03-15T21:53:20","slug":"carmen-lucia-diz-que-habeas-corpus-de-lula-nao-depende-da-pauta-do-stf","status":"publish","type":"post","link":"https:\/\/diarioregionaldigital.com.br\/?p=93931","title":{"rendered":"C\u00e1rmen L\u00facia diz que habeas corpus de Lula n\u00e3o depende da pauta do STF"},"content":{"rendered":"<p>A presidente do Supremo Tribunal Federal (STF), ministra C\u00e1rmen L\u00facia, afirmou nessa quarta-feira, 14, a deputados do PT que o julgamento do habeas corpus protocolado para evitar a eventual pris\u00e3o do ex-presidente Luiz In\u00e1cio Lula da Silva independe de pauta. Dessa forma, caberia ao ministro Edson Fachin, relator do caso, levar a quest\u00e3o para julgamento sem agendamento pr\u00e9vio, na Segunda Turma da Corte ou no plen\u00e1rio.<\/p>\n<p>Em janeiro, o ministro negou pedido da defesa para evitar a eventual pris\u00e3o de Lula e enviou a quest\u00e3o para julgamento pelo plen\u00e1rio da Corte. Em seguida, a presidente do STF passou a afirmar que a quest\u00e3o sobre pris\u00e3o ap\u00f3s segunda inst\u00e2ncia n\u00e3o ser\u00e1 julgada novamente no plen\u00e1rio da Corte.<\/p>\n<p>No in\u00edcio da noite, durante encontro com parlamentares do PT, a ministra tamb\u00e9m explicou aos deputados que n\u00e3o h\u00e1 previs\u00e3o para julgar as duas a\u00e7\u00f5es de constitucionalidade, relatadas pelo ministro Marco Aur\u00e9lio, que pretendem rever a autoriza\u00e7\u00e3o da Corte para pris\u00e3o ap\u00f3s a segunda inst\u00e2ncia.<\/p>\n<p>Os deputados Wadih Damous (PT-RJ), Paulo Pimenta (PT-RS) e Orlando Silva (PcdoB-SP) foram ao STF para pedir o julgamento do processo no qual a defesa de Lula pretende evitar eventual pris\u00e3o em fun\u00e7\u00e3o do \u00faltimo recurso na segunda inst\u00e2ncia da Justi\u00e7a Federal contra a condena\u00e7\u00e3o a 12 anos e um m\u00eas de pris\u00e3o na a\u00e7\u00e3o penal do tr\u00edplex do Guaruj\u00e1 (SP). O recurso deve ser julgado at\u00e9 o fim de abril pelo Tribunal Regional Federal da 4\u00aa Regi\u00e3o (TRF4), sediado em Porto Alegre.<\/p>\n<p>Mais cedo, a defesa de Lula tamb\u00e9m pediu ao ministro Edson Fachin que apresente para julgamento, na Segunda Turma da Corte, ou no plen\u00e1rio do Supremo, o habeas corpus.<\/p>\n<p>Na ter\u00e7a-feira, 13, em uma terceira a\u00e7\u00e3o para pressionar o ministro a levar o caso para julgamento, a Segunda Turma do STF retirou do plen\u00e1rio da Corte duas a\u00e7\u00f5es sobre pris\u00e3o ap\u00f3s o fim dos recursos na segunda inst\u00e2ncia da Justi\u00e7a.<\/p>\n<p>Com a retirada dos dois processos do plen\u00e1rio, o caso de Lula somente ser\u00e1 julgado se Fachin apresentar o processo durante a sess\u00e3o da Corte, fato que n\u00e3o \u00e9 praxe em casos de grande repercuss\u00e3o.<\/p>\n<p>Fonte: Ag\u00eancia Brasil<\/p>\n","protected":false},"excerpt":{"rendered":"<p>A presidente do Supremo Tribunal Federal (STF), ministra C\u00e1rmen L\u00facia, afirmou nessa quarta-feira, 14, a deputados do PT que o julgamento do habeas corpus protocolado para evitar a eventual pris\u00e3o do ex-presidente Luiz In\u00e1cio Lula da Silva independe de pauta. Dessa forma, caberia ao ministro Edson Fachin, relator do caso, levar a quest\u00e3o para julgamento [&hellip;]<\/p>\n","protected":false},"author":96,"featured_media":93930,"comment_status":"closed","ping_status":"closed","sticky":false,"template":"","format":"standard","meta":{"footnotes":""},"categories":[254],"tags":[],"class_list":["post-93931","post","type-post","status-publish","format-standard","has-post-thumbnail","hentry","category-politica"],"_links":{"self":[{"href":"https:\/\/diarioregionaldigital.com.br\/index.php?rest_route=\/wp\/v2\/posts\/93931","targetHints":{"allow":["GET"]}}],"collection":[{"href":"https:\/\/diarioregionaldigital.com.br\/index.php?rest_route=\/wp\/v2\/posts"}],"about":[{"href":"https:\/\/diarioregionaldigital.com.br\/index.php?rest_route=\/wp\/v2\/types\/post"}],"author":[{"embeddable":true,"href":"https:\/\/diarioregionaldigital.com.br\/index.php?rest_route=\/wp\/v2\/users\/96"}],"replies":[{"embeddable":true,"href":"https:\/\/diarioregionaldigital.com.br\/index.php?rest_route=%2Fwp%2Fv2%2Fcomments&post=93931"}],"version-history":[{"count":0,"href":"https:\/\/diarioregionaldigital.com.br\/index.php?rest_route=\/wp\/v2\/posts\/93931\/revisions"}],"wp:featuredmedia":[{"embeddable":true,"href":"https:\/\/diarioregionaldigital.com.br\/index.php?rest_route=\/wp\/v2\/media\/93930"}],"wp:attachment":[{"href":"https:\/\/diarioregionaldigital.com.br\/index.php?rest_route=%2Fwp%2Fv2%2Fmedia&parent=93931"}],"wp:term":[{"taxonomy":"category","embeddable":true,"href":"https:\/\/diarioregionaldigital.com.br\/index.php?rest_route=%2Fwp%2Fv2%2Fcategories&post=93931"},{"taxonomy":"post_tag","embeddable":true,"href":"https:\/\/diarioregionaldigital.com.br\/index.php?rest_route=%2Fwp%2Fv2%2Ftags&post=93931"}],"curies":[{"name":"wp","href":"https:\/\/api.w.org\/{rel}","templated":true}]}}