{"id":93929,"date":"2018-03-15T18:43:17","date_gmt":"2018-03-15T21:43:17","guid":{"rendered":"http:\/\/diarioregionaljf.com.br\/2018\/03\/15\/governo-da-colombia-anuncia-retomada-de-negociacoes-com-guerrilheiros-do-eln\/"},"modified":"2018-03-15T18:43:17","modified_gmt":"2018-03-15T21:43:17","slug":"governo-da-colombia-anuncia-retomada-de-negociacoes-com-guerrilheiros-do-eln","status":"publish","type":"post","link":"https:\/\/diarioregionaldigital.com.br\/?p=93929","title":{"rendered":"Governo da Col\u00f4mbia anuncia retomada de negocia\u00e7\u00f5es com guerrilheiros do ELN"},"content":{"rendered":"<p>Faltando cinco meses para o final de seu segundo mandato, o presidente da Col\u00f4mbia, Juan Manuel Santos, decidiu apostar em mais um acordo de paz \u2013 desta vez com os rebeldes do Ex\u00e9rcito de Liberta\u00e7\u00e3o Nacional (ELN). Nessa segunda-feira, 12, ele anunciou que vai retomar as negocia\u00e7\u00f5es com a guerrilha marxista, porque quer \u201csalvar vidas e alcan\u00e7ar uma paz completa para a Col\u00f4mbia\u201d. O dialogo foi interrompido em janeiro, depois que os guerrilheiros realizaram v\u00e1rios ataques, matando oito policiais.<\/p>\n<p>O an\u00fancio foi feito um dia ap\u00f3s as hist\u00f3ricas elei\u00e7\u00f5es legislativas de domingo, 11, que contaram com a participa\u00e7\u00e3o dos ex-rebeldes das For\u00e7as Armadas Revolucion\u00e1rias da Col\u00f4mbia (Farc). Para Santos, a vota\u00e7\u00e3o representa uma consolida\u00e7\u00e3o do acordo de 2016, que colocou um fim a 52 anos de enfrentamentos entre o governo colombiano e a maior guerrilha do pa\u00eds. No ano passado, 7 mil rebeldes das Farc entregaram as armas. Em troca, receberam financiamento para criar um partido, que conservou a sigla, mas mudou o nome para For\u00e7a Alternativa Revolucion\u00e1ria do Comum.<\/p>\n<p>\u201cFoi a primeira vez em mais de meio s\u00e9culo em que as Farc, em vez de sabotar as elei\u00e7\u00f5es, participaram delas\u201d, disse Santos. Mas os resultados da vota\u00e7\u00e3o, divulgados na segunda-feira foram pouco favor\u00e1veis aos ex-guerrilheiros e aos aliados do partido no governo, colocando \u00e0 prova o acordo que levou o presidente a ganhar um Pr\u00eamio Nobel da Paz.<\/p>\n<p>O acordo garante as Farc cinco senadores e cinco deputados no novo Congresso, independentemente do n\u00famero de votos obtidos. O novo partido esperava ampliar sua bancada al\u00e9m da cota, mas n\u00e3o obteve suficiente apoio. Muitos dos 36 milh\u00f5es de eleitores colombianos ainda associam as Farc \u00e0 viol\u00eancia, que, em mais de 50 anos, matou 260 mil pessoas. A prova foi que os partidos conservadores, que se opuseram ao acordo de paz, foram os mais votados. Mas eles n\u00e3o t\u00eam maioria.<\/p>\n<p>Agora, toda a aten\u00e7\u00e3o est\u00e1 voltada para as elei\u00e7\u00f5es presidenciais de 27 de maio, que ser\u00e3o disputadas por duas grandes coliga\u00e7\u00f5es \u2013 al\u00e9m de candidatos de diferentes partidos. Ivan Duque, do partido Centro Democr\u00e1tico, representar\u00e1 a alian\u00e7a de direita. Seu padrinho politico \u00e9 o ex-presidente \u00c1lvaro Uribe, que j\u00e1 foi aliado de Santos, antes de liderar uma campanha contra o acordo de paz. Gustavo Petro, que j\u00e1 foi guerrilheiro do antigo M-19, vai ser o candidato da alian\u00e7a de esquerda.<\/p>\n<p>Fonte: Ag\u00eancia Brasil<\/p>\n","protected":false},"excerpt":{"rendered":"<p>Faltando cinco meses para o final de seu segundo mandato, o presidente da Col\u00f4mbia, Juan Manuel Santos, decidiu apostar em mais um acordo de paz \u2013 desta vez com os rebeldes do Ex\u00e9rcito de Liberta\u00e7\u00e3o Nacional (ELN). Nessa segunda-feira, 12, ele anunciou que vai retomar as negocia\u00e7\u00f5es com a guerrilha marxista, porque quer \u201csalvar vidas [&hellip;]<\/p>\n","protected":false},"author":96,"featured_media":93928,"comment_status":"closed","ping_status":"closed","sticky":false,"template":"","format":"standard","meta":{"footnotes":""},"categories":[302],"tags":[],"class_list":["post-93929","post","type-post","status-publish","format-standard","has-post-thumbnail","hentry","category-brasil-mundo"],"_links":{"self":[{"href":"https:\/\/diarioregionaldigital.com.br\/index.php?rest_route=\/wp\/v2\/posts\/93929","targetHints":{"allow":["GET"]}}],"collection":[{"href":"https:\/\/diarioregionaldigital.com.br\/index.php?rest_route=\/wp\/v2\/posts"}],"about":[{"href":"https:\/\/diarioregionaldigital.com.br\/index.php?rest_route=\/wp\/v2\/types\/post"}],"author":[{"embeddable":true,"href":"https:\/\/diarioregionaldigital.com.br\/index.php?rest_route=\/wp\/v2\/users\/96"}],"replies":[{"embeddable":true,"href":"https:\/\/diarioregionaldigital.com.br\/index.php?rest_route=%2Fwp%2Fv2%2Fcomments&post=93929"}],"version-history":[{"count":0,"href":"https:\/\/diarioregionaldigital.com.br\/index.php?rest_route=\/wp\/v2\/posts\/93929\/revisions"}],"wp:featuredmedia":[{"embeddable":true,"href":"https:\/\/diarioregionaldigital.com.br\/index.php?rest_route=\/wp\/v2\/media\/93928"}],"wp:attachment":[{"href":"https:\/\/diarioregionaldigital.com.br\/index.php?rest_route=%2Fwp%2Fv2%2Fmedia&parent=93929"}],"wp:term":[{"taxonomy":"category","embeddable":true,"href":"https:\/\/diarioregionaldigital.com.br\/index.php?rest_route=%2Fwp%2Fv2%2Fcategories&post=93929"},{"taxonomy":"post_tag","embeddable":true,"href":"https:\/\/diarioregionaldigital.com.br\/index.php?rest_route=%2Fwp%2Fv2%2Ftags&post=93929"}],"curies":[{"name":"wp","href":"https:\/\/api.w.org\/{rel}","templated":true}]}}