{"id":93927,"date":"2018-03-15T18:34:59","date_gmt":"2018-03-15T21:34:59","guid":{"rendered":"http:\/\/diarioregionaljf.com.br\/2018\/03\/15\/lideres-mundiais-lancam-nova-agenda-sobre-a-agua-e-alertam-para-escassez\/"},"modified":"2018-03-15T18:34:59","modified_gmt":"2018-03-15T21:34:59","slug":"lideres-mundiais-lancam-nova-agenda-sobre-a-agua-e-alertam-para-escassez","status":"publish","type":"post","link":"https:\/\/diarioregionaldigital.com.br\/?p=93927","title":{"rendered":"L\u00edderes mundiais lan\u00e7am nova agenda sobre a \u00e1gua e alertam para escassez"},"content":{"rendered":"<p>Um painel de alto n\u00edvel, reunindo 11 l\u00edderes mundiais e um conselheiro especial, lan\u00e7ou nessa quarta-feira, 14, em Nova York, uma nova agenda pedindo uma mudan\u00e7a na forma como o mundo usa os seus recursos h\u00eddricos. O documento tem o t\u00edtulo \u201cFa\u00e7a cada gota contar: uma agenda de a\u00e7\u00e3o pela \u00e1gua\u201d e inclui uma s\u00e9rie de recomenda\u00e7\u00f5es para resolver a crise da falta de \u00e1gua. A informa\u00e7\u00e3o \u00e9 da ONU News.<\/p>\n<p>O secret\u00e1rio-geral da ONU Ant\u00f3nio Guterres disse, ao receber a agenda na sede da organiza\u00e7\u00e3o, que \u201cos l\u00edderes mundiais reconhecem que o mundo enfrenta uma crise de \u00e1gua e que \u00e9 preciso reavaliar como se valoriza e gere\u201d este recurso. Segundo ele, \u201cas recomenda\u00e7\u00f5es do painel podem ajudar a proteger os recursos h\u00eddricos e tornar a \u00e1gua pot\u00e1vel e condi\u00e7\u00f5es sanit\u00e1rias uma realidade para todos. \u201d O documento alerta que 700 milh\u00f5es de pessoas em todo o mundo correm risco de serem deslocadas devido \u00e0 falta de \u00e1gua at\u00e9 2030.<\/p>\n<p>Participaram da elabora\u00e7\u00e3o da agenda l\u00edderes da Austr\u00e1lia, Hungria, Jord\u00e2nia, Holanda, Peru, Ilhas Maur\u00edcio, M\u00e9xico, Bangladesh, \u00c1frica do Sul, Senegal e Tajiquist\u00e3o.<\/p>\n<h4>&nbsp;<\/h4>\n<h4>PROBLEMA MUNDIAL<\/h4>\n<p>Em todo o planeta, 40% das pessoas s\u00e3o afetadas por falta de \u00e1gua e mais de 2 bilh\u00f5es de pessoas bebem \u00e1gua insegura para consumo e 4,5 bilh\u00f5es n\u00e3o t\u00eam acesso a servi\u00e7os sanit\u00e1rios.<\/p>\n<p>O presidente do Banco Mundial, Jim Yong Kim, afirmou que \u201cos ecossistemas em que a vida se baseia est\u00e3o todos em risco devido \u00e0 forma como a \u00e1gua \u00e9 usada.\u201d Ele explicou que este trabalho foi feito no mais alto n\u00edvel, com chefes de Estado e de governo, \u201cporque o mundo n\u00e3o pode dar a \u00e1gua como garantida durante mais tempo.\u201d<\/p>\n<p>Os autores da agenda pedem que se duplique o investimento em infraestruturas relacionadas com a \u00e1gua em cinco anos. Segundo eles, \u201cs\u00e3o necess\u00e1rias abordagens inovadoras para tornar estes investimentos mais atrativos e resistentes a desastres naturais. \u201d<\/p>\n<p>Em carta aberta, os membros do painel destacam que a \u00e1gua \u201c\u00e9 um dos maiores riscos globais para o progresso econ\u00f4mico, paz e seguran\u00e7a, erradica\u00e7\u00e3o da pobreza e desenvolvimento sustent\u00e1vel. \u201d<\/p>\n<p>Em todo o mundo, 80% da \u00e1gua usada \u00e9 devolvida ao meio ambiente sem ser tratada. Cerca de 90% dos piores desastres naturais humanit\u00e1rios desde os anos 90 estiveram relacionados com a \u00e1gua, como cheias e secas.<\/p>\n<p>Fonte: Ag\u00eancia Brasil<\/p>\n","protected":false},"excerpt":{"rendered":"<p>Um painel de alto n\u00edvel, reunindo 11 l\u00edderes mundiais e um conselheiro especial, lan\u00e7ou nessa quarta-feira, 14, em Nova York, uma nova agenda pedindo uma mudan\u00e7a na forma como o mundo usa os seus recursos h\u00eddricos. O documento tem o t\u00edtulo \u201cFa\u00e7a cada gota contar: uma agenda de a\u00e7\u00e3o pela \u00e1gua\u201d e inclui uma s\u00e9rie [&hellip;]<\/p>\n","protected":false},"author":96,"featured_media":93926,"comment_status":"closed","ping_status":"closed","sticky":false,"template":"","format":"standard","meta":{"footnotes":""},"categories":[302],"tags":[],"class_list":["post-93927","post","type-post","status-publish","format-standard","has-post-thumbnail","hentry","category-brasil-mundo"],"_links":{"self":[{"href":"https:\/\/diarioregionaldigital.com.br\/index.php?rest_route=\/wp\/v2\/posts\/93927","targetHints":{"allow":["GET"]}}],"collection":[{"href":"https:\/\/diarioregionaldigital.com.br\/index.php?rest_route=\/wp\/v2\/posts"}],"about":[{"href":"https:\/\/diarioregionaldigital.com.br\/index.php?rest_route=\/wp\/v2\/types\/post"}],"author":[{"embeddable":true,"href":"https:\/\/diarioregionaldigital.com.br\/index.php?rest_route=\/wp\/v2\/users\/96"}],"replies":[{"embeddable":true,"href":"https:\/\/diarioregionaldigital.com.br\/index.php?rest_route=%2Fwp%2Fv2%2Fcomments&post=93927"}],"version-history":[{"count":0,"href":"https:\/\/diarioregionaldigital.com.br\/index.php?rest_route=\/wp\/v2\/posts\/93927\/revisions"}],"wp:featuredmedia":[{"embeddable":true,"href":"https:\/\/diarioregionaldigital.com.br\/index.php?rest_route=\/wp\/v2\/media\/93926"}],"wp:attachment":[{"href":"https:\/\/diarioregionaldigital.com.br\/index.php?rest_route=%2Fwp%2Fv2%2Fmedia&parent=93927"}],"wp:term":[{"taxonomy":"category","embeddable":true,"href":"https:\/\/diarioregionaldigital.com.br\/index.php?rest_route=%2Fwp%2Fv2%2Fcategories&post=93927"},{"taxonomy":"post_tag","embeddable":true,"href":"https:\/\/diarioregionaldigital.com.br\/index.php?rest_route=%2Fwp%2Fv2%2Ftags&post=93927"}],"curies":[{"name":"wp","href":"https:\/\/api.w.org\/{rel}","templated":true}]}}