{"id":93925,"date":"2018-03-15T18:23:32","date_gmt":"2018-03-15T21:23:32","guid":{"rendered":"http:\/\/diarioregionaljf.com.br\/2018\/03\/15\/cervejarias-de-juiz-de-fora-celebram-o-st-patrick-s-day\/"},"modified":"2018-03-15T18:23:32","modified_gmt":"2018-03-15T21:23:32","slug":"cervejarias-de-juiz-de-fora-celebram-o-st-patrick-s-day","status":"publish","type":"post","link":"https:\/\/diarioregionaldigital.com.br\/?p=93925","title":{"rendered":"Cervejarias de Juiz de Fora celebram o \u201cSt. Patrick\u00b4s Day\u201d"},"content":{"rendered":"<p>As cervejarias de Juiz de Fora se preparam para celebrar o dia do padroeiro irland\u00eas, data conhecida como St Patrick\u00b4s Day (Dia de S\u00e3o Patr\u00edcio, em portugu\u00eas), neste s\u00e1bado, 17. Al\u00e9m da decora\u00e7\u00e3o t\u00edpica e da tradicional \u201ccerveja verde\u201d, integram as comemora\u00e7\u00f5es shows, brincadeiras e sorteios. A programa\u00e7\u00e3o completa pode ser acompanhada no <a href=\"https:\/\/portaldoturismo.pjf.mg.gov.br\/\">Portal do Turismo de Juiz de Fora.<\/a><\/p>\n<p>A Cervejaria Escola Mirante celebra a data, a partir das 11h, com as \u201cRodadas da Sorte\u201d. Entre as brincadeiras e pr\u00eamios, os clientes que fizerem pedidos de chope concorrer\u00e3o a um litro e meio da bebida e uma por\u00e7\u00e3o. As atra\u00e7\u00f5es musicais contam com Glauco Batista Rock Trio, \u00e0s 14h30, e Double Rock, \u00e0s 18h30. Na gastronomia, al\u00e9m do card\u00e1pio da casa, a comida t\u00edpica irlandesa tamb\u00e9m estar\u00e1 presente.<\/p>\n<p>Pela primeira vez, o Mr. Tugas trar\u00e1 a Juiz de Fora um pouco de um dos maiores festivais da Europa. A festa regada a chope verde ter\u00e1 in\u00edcio \u00e0s 12h, no estacionamento da casa. At\u00e9 as 15h, os clientes poder\u00e3o aproveitar dois chopes pelo pre\u00e7o de um. A anima\u00e7\u00e3o ficar\u00e1 por conta de John Play \u2013 voz e viol\u00e3o, a partir das 16h. \u00c0s 19h30, Dj Gnomo assume a festa, seguido por Smoke in the Blues (Blues\/Rock), \u00e0s 20h30.<\/p>\n<p>A Cervejaria S\u00e3o Bartolomeu participar\u00e1 da festa com duas cervejas produzidas pela casa. Tamb\u00e9m na Rua S\u00e3o Mateus, a \u201cS\u00e3o Bart\u00f4\u201d se vestir\u00e1 de verde para comemorar.<\/p>\n<p>A partir das 15h, a Cervejaria Barbante brindar\u00e1 o St Patrick\u00b4s Day com muito chope, m\u00fasica e divers\u00e3o. As atra\u00e7\u00f5es incluem Lucky &amp; Crazy, \u00e0s 16h30, e Balli, \u00e0s 19h. Fechando a programa\u00e7\u00e3o com chave de ouro, tem Beatles Forever, \u00e0s 21h. O \u201cdouble de chope\u201d \u00e9 garantido das 15h \u00e0s 17h.<\/p>\n<p>A Cervejaria Arcana \u00e9 parceira do \u201cSt Patrick em Valhalla\u201d, que tem in\u00edcio nesta sexta-feira, 16, e segue at\u00e9 domingo, 18, no Valkyrie Brew Pub. A festa inclui shows com Smash e o rock ac\u00fastico de Rhee e Guto.<\/p>\n<h4>&nbsp;<\/h4>\n<h4>SAINT PATRICK&#8217;S DAY<\/h4>\n<p>A comemora\u00e7\u00e3o do Dia de S\u00e3o Patr\u00edcio \u00e9 uma das festas mais celebradas do mundo. \u00c9 considerada a data de morte do santo, padroeiro da Irlanda. Entre os s\u00edmbolos recorrentes na festa, est\u00e1 o trevo de tr\u00eas folhas, uma analogia \u00e0 Sant\u00edssima Trindade &#8211; o Pai, o Filho e o Esp\u00edrito Santo, que acredita-se que ele usava como amuleto. Al\u00e9m disso, traz boa sorte e tem a cor verde, s\u00edmbolo do pa\u00eds.<\/p>\n<p>O leprechaun, ou duende, \u00e9 outra marca da celebra\u00e7\u00e3o, representado como um pequeno homenzinho, vestido de verde, com uma barba ruiva, vestindo um palet\u00f3 verde e ao lado de um pote de ouro, no fim de um arco-\u00edris.<\/p>\n<p>Uma curiosidade diz respeito \u00e0 forte tradi\u00e7\u00e3o cervejeira da Irlanda: com a celebra\u00e7\u00e3o no meio do per\u00edodo de Quaresma, no qual a igreja impede o consumo de \u00e1lcool, no Dia de S\u00e3o Patr\u00edcio, a proibi\u00e7\u00e3o \u00e9 oficialmente suspensa.<\/p>\n<p>\u201cSl\u00e1inte!\u201d (Sa\u00fade, na comemora\u00e7\u00e3o irlandesa).<\/p>\n<p>Fonte: Assessoria<\/p>\n","protected":false},"excerpt":{"rendered":"<p>As cervejarias de Juiz de Fora se preparam para celebrar o dia do padroeiro irland\u00eas, data conhecida como St Patrick\u00b4s Day (Dia de S\u00e3o Patr\u00edcio, em portugu\u00eas), neste s\u00e1bado, 17. Al\u00e9m da decora\u00e7\u00e3o t\u00edpica e da tradicional \u201ccerveja verde\u201d, integram as comemora\u00e7\u00f5es shows, brincadeiras e sorteios. A programa\u00e7\u00e3o completa pode ser acompanhada no Portal do [&hellip;]<\/p>\n","protected":false},"author":96,"featured_media":93924,"comment_status":"closed","ping_status":"closed","sticky":false,"template":"","format":"standard","meta":{"footnotes":""},"categories":[253],"tags":[],"class_list":["post-93925","post","type-post","status-publish","format-standard","has-post-thumbnail","hentry","category-cidade"],"_links":{"self":[{"href":"https:\/\/diarioregionaldigital.com.br\/index.php?rest_route=\/wp\/v2\/posts\/93925","targetHints":{"allow":["GET"]}}],"collection":[{"href":"https:\/\/diarioregionaldigital.com.br\/index.php?rest_route=\/wp\/v2\/posts"}],"about":[{"href":"https:\/\/diarioregionaldigital.com.br\/index.php?rest_route=\/wp\/v2\/types\/post"}],"author":[{"embeddable":true,"href":"https:\/\/diarioregionaldigital.com.br\/index.php?rest_route=\/wp\/v2\/users\/96"}],"replies":[{"embeddable":true,"href":"https:\/\/diarioregionaldigital.com.br\/index.php?rest_route=%2Fwp%2Fv2%2Fcomments&post=93925"}],"version-history":[{"count":0,"href":"https:\/\/diarioregionaldigital.com.br\/index.php?rest_route=\/wp\/v2\/posts\/93925\/revisions"}],"wp:featuredmedia":[{"embeddable":true,"href":"https:\/\/diarioregionaldigital.com.br\/index.php?rest_route=\/wp\/v2\/media\/93924"}],"wp:attachment":[{"href":"https:\/\/diarioregionaldigital.com.br\/index.php?rest_route=%2Fwp%2Fv2%2Fmedia&parent=93925"}],"wp:term":[{"taxonomy":"category","embeddable":true,"href":"https:\/\/diarioregionaldigital.com.br\/index.php?rest_route=%2Fwp%2Fv2%2Fcategories&post=93925"},{"taxonomy":"post_tag","embeddable":true,"href":"https:\/\/diarioregionaldigital.com.br\/index.php?rest_route=%2Fwp%2Fv2%2Ftags&post=93925"}],"curies":[{"name":"wp","href":"https:\/\/api.w.org\/{rel}","templated":true}]}}