{"id":93915,"date":"2018-03-15T17:25:53","date_gmt":"2018-03-15T20:25:53","guid":{"rendered":"http:\/\/diarioregionaljf.com.br\/2018\/03\/15\/praca-ceu-comemora-tres-anos-como-referencia-de-esporte-e-cultura-na-zona-norte\/"},"modified":"2018-03-15T17:25:53","modified_gmt":"2018-03-15T20:25:53","slug":"praca-ceu-comemora-tres-anos-como-referencia-de-esporte-e-cultura-na-zona-norte","status":"publish","type":"post","link":"https:\/\/diarioregionaldigital.com.br\/?p=93915","title":{"rendered":"Pra\u00e7a CEU comemora tr\u00eas anos como refer\u00eancia de esporte e cultura na zona norte"},"content":{"rendered":"<p>Considerado um dos investimentos mais importantes na zona norte de Juiz de Fora, o Centro de Artes e Esportes Unificados \u201cCoronel Adelmir Romualdo de Oliveira\u201d (Pra\u00e7a CEU) completa tr\u00eas anos nesta quinta-feira, 15. O espa\u00e7o, mantido pela Prefeitura de Juiz de Fora (PJF) e gerenciado pela Funda\u00e7\u00e3o Cultural \u201cAlfredo Ferreira Lage\u201d (Funalfa), em parceria com a Associa\u00e7\u00e3o Cultural Arte e Vida (Acav), abriga diversas a\u00e7\u00f5es nas \u00e1reas de cultura e esporte, sendo considerado modelo bem-sucedido de equipamento urbano.<\/p>\n<p> O anivers\u00e1rio da pra\u00e7a, instalada na Avenida Juscelino Kubitschek, 5.899, Bairro Benfica, ser\u00e1 comemorado com atividades durante mar\u00e7o, com campeonatos esportivos e espet\u00e1culo de teatro e dan\u00e7a. Nesta quinta-feira haver\u00e1 Oficina de Escrita Criativa, ministrada pela professora D\u00e9bora Maciel (mestre em Literatura), com 60 vagas para pessoas com idade m\u00ednima de 13 anos.<\/p>\n<p> Nos tr\u00eas primeiros anos de funcionamento, diversos indicadores sinalizam o \u00eaxito da Pra\u00e7a CEU, como a frequ\u00eancia \u00e0s 13 oficinas regulares de esporte e cultura, que oferecem 1.200 vagas e t\u00eam 3.678 nomes na fila de espera. As duas quadras de esporte atingem m\u00e9dia de 200 empr\u00e9stimos por m\u00eas, quando s\u00e3o cedidos materiais como bolas e raquetes para t\u00eanis de mesa. Semanalmente, cerca de quatro mil pessoas de todas as faixas et\u00e1rias circulam pela pra\u00e7a. Soma-se a isso o baixo \u00edndice de vandalismo e viol\u00eancia no espa\u00e7o.<\/p>\n<p> \u201cDiante de n\u00fameros t\u00e3o exitosos, nossa responsabilidade como gestores aumenta. Precisamos n\u00e3o apenas manter, mas tamb\u00e9m estreitar os v\u00ednculos com a comunidade da zona norte. Essa sintonia \u00e9 fundamental para que possamos perceber as demandas e investir no que ainda cabe realizar\u201d, analisou o coordenador-geral do CEU, Andr\u00e9 Noronha. A parceria e o di\u00e1logo s\u00e3o os sustent\u00e1culos da gest\u00e3o eficiente do espa\u00e7o, e a comunidade tem sua participa\u00e7\u00e3o garantida por meio do conselho gestor.<\/p>\n<p> Uma das integrantes do conselho \u00e9 Maria Elizabeth de Oliveira, que h\u00e1 dez anos exerce o cargo de diretora da Escola Estadual \u201cAlmirante Barroso\u201d, vizinha \u00e0 pra\u00e7a: \u201cO CEU oferece aos nossos alunos \u00e1rea de lazer, com espa\u00e7os cobertos e ao ar livre. Temos certeza de que o equipamento est\u00e1 sempre ao nosso dispor. Sempre que solicitamos conseguimos acessar o anfiteatro e participamos de oficinas pedag\u00f3gicas. A sugest\u00e3o da escola tamb\u00e9m foi considerada na hora da compra do acervo da biblioteca do espa\u00e7o. Tenho muito orgulho da parceria que constru\u00edmos ao longo desses tr\u00eas anos.\u201d<\/p>\n<p> A psic\u00f3loga Lara Calais, que h\u00e1 um ano e meio desenvolve trabalho no local, tamb\u00e9m fez avalia\u00e7\u00e3o positiva do CEU: \u201cAcho importante a exist\u00eancia do equipamento como forma de a comunidade se apropriar daquilo que lhe \u00e9 de direito e estabelecer rela\u00e7\u00f5es de pertencimento. \u00c9 interessante aproveitar a circula\u00e7\u00e3o das pessoas para trabalhar quest\u00f5es ligadas \u00e0 desigualdade social, l\u00f3gicas de discrimina\u00e7\u00e3o e exclus\u00e3o e a desconstru\u00e7\u00e3o dessas realidades, por meio da cultura e da arte.\u201d<\/p>\n<p> Para M\u00e1rcia Pacienza, 41 anos, a pra\u00e7a funciona como centro propulsor de desenvolvimento para a regi\u00e3o: \u201cToda a zona norte foi beneficiada com o investimento, e at\u00e9 mesmo pessoas de outras \u00e1reas da cidade. O local \u00e9 de f\u00e1cil acesso, passa \u00f4nibus toda hora. Tem aulas para pessoas de todas as idades. Eu fa\u00e7o viol\u00e3o, e minha filha cursa dan\u00e7a. \u00c9 um espa\u00e7o maravilhoso. \u00c9 s\u00f3 vir conferir!\u201d<\/p>\n<p> Com 11 anos, Yasmim Maria Fonseca, aluna de bal\u00e9 e teatro, demonstrou maturidade na avalia\u00e7\u00e3o do CEU: \u201cO que acho mais importante \u00e9 que aqui todas as pessoas podem vir. Tem lugares onde \u00e9 necess\u00e1rio pagar, ent\u00e3o nem todo mundo tem condi\u00e7\u00e3o.\u201d<\/p>\n<p> Ra\u00edssa Silva, 21, destacou outro aspecto: o conv\u00edvio social harm\u00f4nico e a possibilidade de aumentar o c\u00edrculo de amizades. Aluna do futsal feminino, ela afirmou que as atividades no equipamento urbano ajudaram a tirar muita gente da rua: \u201cAqui, a gente conhece v\u00e1rias pessoas, aprende, ensina, convive&#8230; Fazer novas amizades \u00e9 uma das melhores coisas que acontecem. A pra\u00e7a abre portas n\u00e3o s\u00f3 no esporte, mas tamb\u00e9m na cultura, al\u00e9m de oferecer servi\u00e7os.\u201d<\/p>\n","protected":false},"excerpt":{"rendered":"<p>Considerado um dos investimentos mais importantes na zona norte de Juiz de Fora, o Centro de Artes e Esportes Unificados \u201cCoronel Adelmir Romualdo de Oliveira\u201d (Pra\u00e7a CEU) completa tr\u00eas anos nesta quinta-feira, 15. O espa\u00e7o, mantido pela Prefeitura de Juiz de Fora (PJF) e gerenciado pela Funda\u00e7\u00e3o Cultural \u201cAlfredo Ferreira Lage\u201d (Funalfa), em parceria com [&hellip;]<\/p>\n","protected":false},"author":96,"featured_media":93914,"comment_status":"closed","ping_status":"closed","sticky":false,"template":"","format":"standard","meta":{"footnotes":""},"categories":[257],"tags":[],"class_list":["post-93915","post","type-post","status-publish","format-standard","has-post-thumbnail","hentry","category-esporte"],"_links":{"self":[{"href":"https:\/\/diarioregionaldigital.com.br\/index.php?rest_route=\/wp\/v2\/posts\/93915","targetHints":{"allow":["GET"]}}],"collection":[{"href":"https:\/\/diarioregionaldigital.com.br\/index.php?rest_route=\/wp\/v2\/posts"}],"about":[{"href":"https:\/\/diarioregionaldigital.com.br\/index.php?rest_route=\/wp\/v2\/types\/post"}],"author":[{"embeddable":true,"href":"https:\/\/diarioregionaldigital.com.br\/index.php?rest_route=\/wp\/v2\/users\/96"}],"replies":[{"embeddable":true,"href":"https:\/\/diarioregionaldigital.com.br\/index.php?rest_route=%2Fwp%2Fv2%2Fcomments&post=93915"}],"version-history":[{"count":0,"href":"https:\/\/diarioregionaldigital.com.br\/index.php?rest_route=\/wp\/v2\/posts\/93915\/revisions"}],"wp:featuredmedia":[{"embeddable":true,"href":"https:\/\/diarioregionaldigital.com.br\/index.php?rest_route=\/wp\/v2\/media\/93914"}],"wp:attachment":[{"href":"https:\/\/diarioregionaldigital.com.br\/index.php?rest_route=%2Fwp%2Fv2%2Fmedia&parent=93915"}],"wp:term":[{"taxonomy":"category","embeddable":true,"href":"https:\/\/diarioregionaldigital.com.br\/index.php?rest_route=%2Fwp%2Fv2%2Fcategories&post=93915"},{"taxonomy":"post_tag","embeddable":true,"href":"https:\/\/diarioregionaldigital.com.br\/index.php?rest_route=%2Fwp%2Fv2%2Ftags&post=93915"}],"curies":[{"name":"wp","href":"https:\/\/api.w.org\/{rel}","templated":true}]}}