{"id":93911,"date":"2018-03-15T17:22:38","date_gmt":"2018-03-15T20:22:38","guid":{"rendered":"http:\/\/diarioregionaljf.com.br\/2018\/03\/15\/tupi-encara-tombense-pelas-quartas-de-final-do-campeonato-mineiro-sabado-no-mario-helenio\/"},"modified":"2018-03-15T17:22:38","modified_gmt":"2018-03-15T20:22:38","slug":"tupi-encara-tombense-pelas-quartas-de-final-do-campeonato-mineiro-sabado-no-mario-helenio","status":"publish","type":"post","link":"https:\/\/diarioregionaldigital.com.br\/?p=93911","title":{"rendered":"Tupi encara Tombense pelas quartas de final do Campeonato Mineiro s\u00e1bado no M\u00e1rio Hel\u00eanio"},"content":{"rendered":"<p>Embalado pela vit\u00f3ria hist\u00f3rica de 7 a 1 sobre o Democrata e de ter feito a quarta melhor campanha da primeira fase, o Tupi enfrentar\u00e1 o Tombense no s\u00e1bado, 17, pelas quartas de final do campeonato Mineiro M\u00f3dulo 1. O jogo acontece \u00e0s 17 horas, no Est\u00e1dio Municipal \u201cRadialista M\u00e1rio Hel\u00eanio\u201d. Os ingressos j\u00e1 est\u00e3o dispon\u00edveis a partir desta quarta-feira, 14, na sede social do Tupi (Rua Jos\u00e9 Calil Ahouagi, 332, Centro), das 9 \u00e0s 17 horas, seguindo quinta e sexta-feira no mesmo hor\u00e1rio, e, no s\u00e1bado, das 9 \u00e0s 12 horas. No cal\u00e7ad\u00e3o da Rua Halfeld, quinta e sexta, das 9 \u00e0s 17 horas, e no s\u00e1bado, das 10 \u00e0s 13 horas. No est\u00e1dio, a venda ser\u00e1 somente no dia do jogo, a partir das 15h30.<\/p>\n<p> O lado verde do est\u00e1dio estar\u00e1 dispon\u00edvel para os torcedores do Tupi, que dever\u00e3o entrar pelo P\u00f3rtico 1 (port\u00e3o principal), enquanto os visitantes dever\u00e3o entrar pelo P\u00f3rtico 3, Bairro Dom Orione. A abertura dos port\u00f5es acontecer\u00e1 \u00e0s 15h30, e os ingressos custar\u00e3o R$30 a inteira e R$15 a meia.<\/p>\n<p> Artefatos pirot\u00e9cnicos, fuma\u00e7as e bebidas em vasilhames de vidro e lata n\u00e3o ser\u00e3o permitidos dentro do est\u00e1dio, assim como, por quest\u00f5es de seguran\u00e7a, a entrada de torcedores usando o uniforme advers\u00e1rio nos port\u00f5es indicados para cada clube. <\/p>\n","protected":false},"excerpt":{"rendered":"<p>Embalado pela vit\u00f3ria hist\u00f3rica de 7 a 1 sobre o Democrata e de ter feito a quarta melhor campanha da primeira fase, o Tupi enfrentar\u00e1 o Tombense no s\u00e1bado, 17, pelas quartas de final do campeonato Mineiro M\u00f3dulo 1. O jogo acontece \u00e0s 17 horas, no Est\u00e1dio Municipal \u201cRadialista M\u00e1rio Hel\u00eanio\u201d. Os ingressos j\u00e1 est\u00e3o [&hellip;]<\/p>\n","protected":false},"author":96,"featured_media":93910,"comment_status":"closed","ping_status":"closed","sticky":false,"template":"","format":"standard","meta":{"footnotes":""},"categories":[257],"tags":[],"class_list":["post-93911","post","type-post","status-publish","format-standard","has-post-thumbnail","hentry","category-esporte"],"_links":{"self":[{"href":"https:\/\/diarioregionaldigital.com.br\/index.php?rest_route=\/wp\/v2\/posts\/93911","targetHints":{"allow":["GET"]}}],"collection":[{"href":"https:\/\/diarioregionaldigital.com.br\/index.php?rest_route=\/wp\/v2\/posts"}],"about":[{"href":"https:\/\/diarioregionaldigital.com.br\/index.php?rest_route=\/wp\/v2\/types\/post"}],"author":[{"embeddable":true,"href":"https:\/\/diarioregionaldigital.com.br\/index.php?rest_route=\/wp\/v2\/users\/96"}],"replies":[{"embeddable":true,"href":"https:\/\/diarioregionaldigital.com.br\/index.php?rest_route=%2Fwp%2Fv2%2Fcomments&post=93911"}],"version-history":[{"count":0,"href":"https:\/\/diarioregionaldigital.com.br\/index.php?rest_route=\/wp\/v2\/posts\/93911\/revisions"}],"wp:featuredmedia":[{"embeddable":true,"href":"https:\/\/diarioregionaldigital.com.br\/index.php?rest_route=\/wp\/v2\/media\/93910"}],"wp:attachment":[{"href":"https:\/\/diarioregionaldigital.com.br\/index.php?rest_route=%2Fwp%2Fv2%2Fmedia&parent=93911"}],"wp:term":[{"taxonomy":"category","embeddable":true,"href":"https:\/\/diarioregionaldigital.com.br\/index.php?rest_route=%2Fwp%2Fv2%2Fcategories&post=93911"},{"taxonomy":"post_tag","embeddable":true,"href":"https:\/\/diarioregionaldigital.com.br\/index.php?rest_route=%2Fwp%2Fv2%2Ftags&post=93911"}],"curies":[{"name":"wp","href":"https:\/\/api.w.org\/{rel}","templated":true}]}}