{"id":93909,"date":"2018-03-15T15:38:16","date_gmt":"2018-03-15T18:38:16","guid":{"rendered":"http:\/\/diarioregionaljf.com.br\/2018\/03\/15\/fernando-pimentel-anuncia-criacao-de-seis-unidades-de-conservacao-em-minas-gerais\/"},"modified":"2018-03-15T15:38:16","modified_gmt":"2018-03-15T18:38:16","slug":"fernando-pimentel-anuncia-criacao-de-seis-unidades-de-conservacao-em-minas-gerais","status":"publish","type":"post","link":"https:\/\/diarioregionaldigital.com.br\/?p=93909","title":{"rendered":"Fernando Pimentel anuncia cria\u00e7\u00e3o de seis Unidades de Conserva\u00e7\u00e3o em Minas Gerais"},"content":{"rendered":"<p>O governador Fernando Pimentel recebeu nessa quarta-feira, 14, no Pal\u00e1cio da Liberdade, em Belo Horizonte, representantes da \u00e1rea ambiental para discutir as a\u00e7\u00f5es e demandas do setor. Durante o encontro, o governador anunciou a cria\u00e7\u00e3o, ainda neste ano, de seis novas Unidades de Conserva\u00e7\u00e3o (UC) em Minas Gerais.<\/p>\n<p>Ao lado do secret\u00e1rio de Estado de Governo, Odair Cunha, de Meio Ambiente e Desenvolvimento Sustent\u00e1vel, Germano Vieira, da presidente da Copasa, Sinara Meireles, e do diretor de Rela\u00e7\u00f5es Institucionais e Comunica\u00e7\u00e3o da Cemig, Thiago Camargo, o governador Fernando Pimentel apresentou algumas das a\u00e7\u00f5es realizadas pelo governo para melhorar a gest\u00e3o dos recursos h\u00eddricos, uma das principais demandas apresentadas pelo grupo de especialistas no assunto.<\/p>\n<p>Fernando Pimentel destacou, ainda, a import\u00e2ncia da constru\u00e7\u00e3o de uma pol\u00edtica eficiente para o meio ambiente. Al\u00e9m disso, os ambientalistas valorizaram o papel dos \u00f3rg\u00e3os ambientais do Estado durante a atual gest\u00e3o e a abertura do di\u00e1logo com o governo para buscar solu\u00e7\u00f5es para a preserva\u00e7\u00e3o do meio ambiente.<\/p>\n<p>Fonte: Ag\u00eancia Minas<\/p>\n","protected":false},"excerpt":{"rendered":"<p>O governador Fernando Pimentel recebeu nessa quarta-feira, 14, no Pal\u00e1cio da Liberdade, em Belo Horizonte, representantes da \u00e1rea ambiental para discutir as a\u00e7\u00f5es e demandas do setor. Durante o encontro, o governador anunciou a cria\u00e7\u00e3o, ainda neste ano, de seis novas Unidades de Conserva\u00e7\u00e3o (UC) em Minas Gerais. Ao lado do secret\u00e1rio de Estado de [&hellip;]<\/p>\n","protected":false},"author":96,"featured_media":93908,"comment_status":"closed","ping_status":"closed","sticky":false,"template":"","format":"standard","meta":{"footnotes":""},"categories":[252],"tags":[],"class_list":["post-93909","post","type-post","status-publish","format-standard","has-post-thumbnail","hentry","category-regiao"],"_links":{"self":[{"href":"https:\/\/diarioregionaldigital.com.br\/index.php?rest_route=\/wp\/v2\/posts\/93909","targetHints":{"allow":["GET"]}}],"collection":[{"href":"https:\/\/diarioregionaldigital.com.br\/index.php?rest_route=\/wp\/v2\/posts"}],"about":[{"href":"https:\/\/diarioregionaldigital.com.br\/index.php?rest_route=\/wp\/v2\/types\/post"}],"author":[{"embeddable":true,"href":"https:\/\/diarioregionaldigital.com.br\/index.php?rest_route=\/wp\/v2\/users\/96"}],"replies":[{"embeddable":true,"href":"https:\/\/diarioregionaldigital.com.br\/index.php?rest_route=%2Fwp%2Fv2%2Fcomments&post=93909"}],"version-history":[{"count":0,"href":"https:\/\/diarioregionaldigital.com.br\/index.php?rest_route=\/wp\/v2\/posts\/93909\/revisions"}],"wp:featuredmedia":[{"embeddable":true,"href":"https:\/\/diarioregionaldigital.com.br\/index.php?rest_route=\/wp\/v2\/media\/93908"}],"wp:attachment":[{"href":"https:\/\/diarioregionaldigital.com.br\/index.php?rest_route=%2Fwp%2Fv2%2Fmedia&parent=93909"}],"wp:term":[{"taxonomy":"category","embeddable":true,"href":"https:\/\/diarioregionaldigital.com.br\/index.php?rest_route=%2Fwp%2Fv2%2Fcategories&post=93909"},{"taxonomy":"post_tag","embeddable":true,"href":"https:\/\/diarioregionaldigital.com.br\/index.php?rest_route=%2Fwp%2Fv2%2Ftags&post=93909"}],"curies":[{"name":"wp","href":"https:\/\/api.w.org\/{rel}","templated":true}]}}