{"id":93907,"date":"2018-03-15T15:32:28","date_gmt":"2018-03-15T18:32:28","guid":{"rendered":"http:\/\/diarioregionaljf.com.br\/2018\/03\/15\/temer-se-reune-com-ministros-para-discutir-assassinato-de-vereadora\/"},"modified":"2018-03-15T15:32:28","modified_gmt":"2018-03-15T18:32:28","slug":"temer-se-reune-com-ministros-para-discutir-assassinato-de-vereadora","status":"publish","type":"post","link":"https:\/\/diarioregionaldigital.com.br\/?p=93907","title":{"rendered":"Temer se re\u00fane com ministros para discutir assassinato de vereadora"},"content":{"rendered":"<p>O presidente Michel Temer se re\u00fane na manh\u00e3 de hoje, 15, com ministros para discutir o caso do assassinato da vereadora Marielle Franco e outras quest\u00f5es de seguran\u00e7a no Rio de Janeiro. Participam da reuni\u00e3o os ministros da Casa Civil, Eliseu Padilha, do Gabinete de Seguran\u00e7a Institucional, S\u00e9rio Etchegoyen, da Secretaria-Geral, Moreira Franco e o secret\u00e1rio-executivo do minist\u00e9rio extraordin\u00e1rio da Seguran\u00e7a P\u00fablica, o General Carlos Alberto Santos Cruz.<\/p>\n<p>Pelas redes sociais, Temer lamentou o crime cometido contra a vereadora e reafirmou que acompanha a apura\u00e7\u00e3o do caso. O presidente ressaltou que o crime \u201cn\u00e3o ficar\u00e1 impune\u201d.<\/p>\n<p>\u201cLamento esse ato de extrema covardia contra a vereadora Marielle Franco. Solidarizo-me com familiares e amigos, e acompanho a apura\u00e7\u00e3o dos fatos para a puni\u00e7\u00e3o dos autores desse crime. \u201d, disse Temer em sua conta no Twitter.<\/p>\n<p>Ontem \u00e0 noite, o Pal\u00e1cio do Planalto divulgou nota informando que o governo federal acompanhar\u00e1 toda a apura\u00e7\u00e3o do assassinato da vereadora e do motorista que a acompanhava. Na nota, a presid\u00eancia explica que o Minist\u00e9rio de Seguran\u00e7a P\u00fablica colocou a Pol\u00edcia Federal \u00e0 disposi\u00e7\u00e3o para auxiliar a investiga\u00e7\u00e3o. O ministro da pasta, Raul Jungmann, j\u00e1 acionou a PF e ir\u00e1 hoje \u00e0 tarde ao Rio de Janeiro junto com o diretor do \u00f3rg\u00e3o, Rog\u00e9rio Galloro.<\/p>\n<p>A vereadora pelo Rio de Janeiro Marielle Franco, do PSOL, foi morta a tiros no bairro do Est\u00e1cio, regi\u00e3o central da capital carioca, na noite dessa quarta-feira, 14. Ela estava dentro de um carro acompanhada de um motorista, que tamb\u00e9m foi morto, e de uma assessora, quando teria sido abordada por outro ve\u00edculo.<\/p>\n<p>Fonte: Ag\u00eancia Brasil<\/p>\n","protected":false},"excerpt":{"rendered":"<p>O presidente Michel Temer se re\u00fane na manh\u00e3 de hoje, 15, com ministros para discutir o caso do assassinato da vereadora Marielle Franco e outras quest\u00f5es de seguran\u00e7a no Rio de Janeiro. Participam da reuni\u00e3o os ministros da Casa Civil, Eliseu Padilha, do Gabinete de Seguran\u00e7a Institucional, S\u00e9rio Etchegoyen, da Secretaria-Geral, Moreira Franco e o [&hellip;]<\/p>\n","protected":false},"author":96,"featured_media":93906,"comment_status":"closed","ping_status":"closed","sticky":false,"template":"","format":"standard","meta":{"footnotes":""},"categories":[254],"tags":[],"class_list":["post-93907","post","type-post","status-publish","format-standard","has-post-thumbnail","hentry","category-politica"],"_links":{"self":[{"href":"https:\/\/diarioregionaldigital.com.br\/index.php?rest_route=\/wp\/v2\/posts\/93907","targetHints":{"allow":["GET"]}}],"collection":[{"href":"https:\/\/diarioregionaldigital.com.br\/index.php?rest_route=\/wp\/v2\/posts"}],"about":[{"href":"https:\/\/diarioregionaldigital.com.br\/index.php?rest_route=\/wp\/v2\/types\/post"}],"author":[{"embeddable":true,"href":"https:\/\/diarioregionaldigital.com.br\/index.php?rest_route=\/wp\/v2\/users\/96"}],"replies":[{"embeddable":true,"href":"https:\/\/diarioregionaldigital.com.br\/index.php?rest_route=%2Fwp%2Fv2%2Fcomments&post=93907"}],"version-history":[{"count":0,"href":"https:\/\/diarioregionaldigital.com.br\/index.php?rest_route=\/wp\/v2\/posts\/93907\/revisions"}],"wp:featuredmedia":[{"embeddable":true,"href":"https:\/\/diarioregionaldigital.com.br\/index.php?rest_route=\/wp\/v2\/media\/93906"}],"wp:attachment":[{"href":"https:\/\/diarioregionaldigital.com.br\/index.php?rest_route=%2Fwp%2Fv2%2Fmedia&parent=93907"}],"wp:term":[{"taxonomy":"category","embeddable":true,"href":"https:\/\/diarioregionaldigital.com.br\/index.php?rest_route=%2Fwp%2Fv2%2Fcategories&post=93907"},{"taxonomy":"post_tag","embeddable":true,"href":"https:\/\/diarioregionaldigital.com.br\/index.php?rest_route=%2Fwp%2Fv2%2Ftags&post=93907"}],"curies":[{"name":"wp","href":"https:\/\/api.w.org\/{rel}","templated":true}]}}