{"id":93905,"date":"2018-03-15T15:30:48","date_gmt":"2018-03-15T18:30:48","guid":{"rendered":"http:\/\/diarioregionaljf.com.br\/2018\/03\/15\/marun-diz-que-levara-impeachment-de-barroso-a-proxima-sessao-do-congresso\/"},"modified":"2018-03-15T15:30:48","modified_gmt":"2018-03-15T18:30:48","slug":"marun-diz-que-levara-impeachment-de-barroso-a-proxima-sessao-do-congresso","status":"publish","type":"post","link":"https:\/\/diarioregionaldigital.com.br\/?p=93905","title":{"rendered":"Marun diz que levar\u00e1 impeachment de Barroso \u00e0 pr\u00f3xima sess\u00e3o do Congresso"},"content":{"rendered":"<p>O ministro Carlos Marun, da Secretaria de Governo, disse hoje, 15, que apresentar\u00e1 na pr\u00f3xima sess\u00e3o conjunta do Congresso Nacional o pedido de impeachment do ministro do Supremo Tribunal Federal (STF) Lu\u00eds Roberto Barroso. \u201cEntendo que esse surto absolutista na mente do ministro Barroso tem de ser detido\u201d, disse Marun ao deixar a Empresa Brasil de Comunica\u00e7\u00e3o (EBC), onde participou do programa Por Dentro do Governo, da TV NBR.<\/p>\n<p>De acordo com Marun, \u201ch\u00e1 elementos suficientes\u201d para justificar o pedido. \u201cAinda n\u00e3o est\u00e1 redigido porque n\u00e3o se redige uma pe\u00e7a de impeachment em uma tarde. Mas minha expectativa \u00e9 de que na pr\u00f3xima sess\u00e3o do Congresso eu me licencie [do cargo de ministro da Secretaria de Governo] e v\u00e1, na condi\u00e7\u00e3o de deputado, entregar ao Eun\u00edcio Oliveira [presidente do Senado e do Congresso] o meu pedido\u201d.<\/p>\n<p>Durante o programa, Marun fez cr\u00edticas a Barroso, tanto por ter quebrado o sigilo banc\u00e1rio do presidente Michel Temer, quanto por ter decidido restabelecer apenas em parte o decreto de indulto natalino editado no ano passado. Ao fazer isso, Barroso manteve fora do indulto os presos que cometeram os chamados crimes de colarinho branco.<\/p>\n<p>\u201cBarroso quebra, agride e desrespeita a Constitui\u00e7\u00e3o. Ministros n\u00e3o est\u00e3o no STF para quebrar a Constitui\u00e7\u00e3o. Eles n\u00e3o legislam. Essa s\u00edndrome de Lu\u00eds XIV, aquele que declarou L&#8217;\u00c9tat, c&#8217;est moi [o Estado sou eu], tem de ser detida\u201d, disse Marun. \u201cN\u00e3o estamos constrangendo o Barroso. Estou atuando no sentido de deter esse esp\u00edrito absolutista&#8221;, acrescentou, ao lembrar que a ex-presidente Dilma Rousseff tamb\u00e9m usou desse expediente. Essa diferen\u00e7a de trato entre o decreto de Temer e o de Dilma mostra, segundo Marun, \u201ca parcialidade e a atividade pol\u00edtico-partid\u00e1ria\u201d do ministro do STF.<\/p>\n<p>Marun disse ainda que o indulto natalino existe desde a \u00e9poca do Imp\u00e9rio. \u201cO primeiro foi concedido por D. Pedro II. \u00c9 permitido ao chefe da na\u00e7\u00e3o conceder o indulto a condenados que n\u00e3o sejam por crime violento. Hoje, os pres\u00eddios s\u00e3o universidades do crime. Em um primeiro momento, o condenado se associa a uma organiza\u00e7\u00e3o criminosa para, em um segundo momento, virar assassino\u201d, acrescentou.<\/p>\n<p>Perguntado sobre como recebeu as cr\u00edticas da Associa\u00e7\u00e3o dos Ju\u00edzes Federais (Ajufe) e de alguns parlamentares, de que esse pedido de impeachment teria por tr\u00e1s uma tentativa de intimida\u00e7\u00e3o e repres\u00e1lia ao Poder Judici\u00e1rio, Marun estendeu suas cr\u00edticas \u00e0 entidade representativa dos ju\u00edzes, \u201cpor n\u00e3o se posicionar\u201d quando um ministro do STF desrespeita a Constitui\u00e7\u00e3o e a independ\u00eancia dos poderes. \u201cAt\u00e9 a imprensa tenta me desqualificar. Mas ningu\u00e9m diz que estou errado\u201d.<\/p>\n<p>Marun afirmou que tem recebido o apoio de \u201cparlamentares e populares\u201d, ap\u00f3s ter anunciado a decis\u00e3o de pedir o impeachment de Barroso. A uma pergunta, se estaria recebendo o apoio de algu\u00e9m do primeiro escal\u00e3o do governo, o ministro disse que \u00e9 dele \u201ce n\u00e3o do governo\u201d a decis\u00e3o de fazer o pedido.<\/p>\n<p>Fonte: Ag\u00eancia Brasil<\/p>\n","protected":false},"excerpt":{"rendered":"<p>O ministro Carlos Marun, da Secretaria de Governo, disse hoje, 15, que apresentar\u00e1 na pr\u00f3xima sess\u00e3o conjunta do Congresso Nacional o pedido de impeachment do ministro do Supremo Tribunal Federal (STF) Lu\u00eds Roberto Barroso. \u201cEntendo que esse surto absolutista na mente do ministro Barroso tem de ser detido\u201d, disse Marun ao deixar a Empresa Brasil [&hellip;]<\/p>\n","protected":false},"author":96,"featured_media":93904,"comment_status":"closed","ping_status":"closed","sticky":false,"template":"","format":"standard","meta":{"footnotes":""},"categories":[254],"tags":[],"class_list":["post-93905","post","type-post","status-publish","format-standard","has-post-thumbnail","hentry","category-politica"],"_links":{"self":[{"href":"https:\/\/diarioregionaldigital.com.br\/index.php?rest_route=\/wp\/v2\/posts\/93905","targetHints":{"allow":["GET"]}}],"collection":[{"href":"https:\/\/diarioregionaldigital.com.br\/index.php?rest_route=\/wp\/v2\/posts"}],"about":[{"href":"https:\/\/diarioregionaldigital.com.br\/index.php?rest_route=\/wp\/v2\/types\/post"}],"author":[{"embeddable":true,"href":"https:\/\/diarioregionaldigital.com.br\/index.php?rest_route=\/wp\/v2\/users\/96"}],"replies":[{"embeddable":true,"href":"https:\/\/diarioregionaldigital.com.br\/index.php?rest_route=%2Fwp%2Fv2%2Fcomments&post=93905"}],"version-history":[{"count":0,"href":"https:\/\/diarioregionaldigital.com.br\/index.php?rest_route=\/wp\/v2\/posts\/93905\/revisions"}],"wp:featuredmedia":[{"embeddable":true,"href":"https:\/\/diarioregionaldigital.com.br\/index.php?rest_route=\/wp\/v2\/media\/93904"}],"wp:attachment":[{"href":"https:\/\/diarioregionaldigital.com.br\/index.php?rest_route=%2Fwp%2Fv2%2Fmedia&parent=93905"}],"wp:term":[{"taxonomy":"category","embeddable":true,"href":"https:\/\/diarioregionaldigital.com.br\/index.php?rest_route=%2Fwp%2Fv2%2Fcategories&post=93905"},{"taxonomy":"post_tag","embeddable":true,"href":"https:\/\/diarioregionaldigital.com.br\/index.php?rest_route=%2Fwp%2Fv2%2Ftags&post=93905"}],"curies":[{"name":"wp","href":"https:\/\/api.w.org\/{rel}","templated":true}]}}