{"id":93892,"date":"2018-03-15T12:08:23","date_gmt":"2018-03-15T15:08:23","guid":{"rendered":"http:\/\/diarioregionaljf.com.br\/2018\/03\/15\/anistia-pede-investigacao-imediata-e-rigorosa-de-assassinato-de-vereadora\/"},"modified":"2018-03-15T12:08:23","modified_gmt":"2018-03-15T15:08:23","slug":"anistia-pede-investigacao-imediata-e-rigorosa-de-assassinato-de-vereadora","status":"publish","type":"post","link":"https:\/\/diarioregionaldigital.com.br\/?p=93892","title":{"rendered":"Anistia pede investiga\u00e7\u00e3o &#8220;imediata e rigorosa&#8221; de assassinato de vereadora"},"content":{"rendered":"<p>A organiza\u00e7\u00e3o n\u00e3o governamental Anistia Internacional pediu hoje, 15, uma investiga\u00e7\u00e3o imediata e rigorosa do assassinato da vereadora do Rio de Janeiro e defensora dos direitos humanos Marielle Franco, do PSOL.<\/p>\n<p>A vereadora foi assassinada a tiros na noite de ontem, 14, no centro do Rio de Janeiro. O motorista que conduzia o carro em que ela estava tamb\u00e9m foi morto pelos disparos.<\/p>\n<p>&#8220;Marielle Franco \u00e9 reconhecida por sua hist\u00f3rica luta por direitos humanos, especialmente em defesa dos direitos das mulheres negras e moradores de favelas e periferias e na den\u00fancia da viol\u00eancia policial&#8221;, afirma a nota da Anistia Internacional. &#8220;N\u00e3o podem restar d\u00favidas a respeito do contexto, motiva\u00e7\u00e3o e autoria do assassinato de Marielle Franco&#8221;, continua a nota.<\/p>\n<p>A organiza\u00e7\u00e3o feminista Articula\u00e7\u00e3o de Mulheres Brasileiras tamb\u00e9m se manifestou pedindo &#8220;imediata apura\u00e7\u00e3o dos fatos, verdade e justi\u00e7a&#8221;.&#8221;Este crime brutal n\u00e3o calar\u00e1 a causa e o legado de Marielle. Transformaremos dor em luta, e seguiremos ecoando a den\u00fancia da viol\u00eancia contra a popula\u00e7\u00e3o negra e pobre do pa\u00eds&#8221;.<\/p>\n<p>O governador do Rio de Janeiro, Luiz Fernando Pez\u00e3o, lamentou o assassinato da vereadora em nota publicada em seu perfil no Twitter e disse estar acompanhando a investiga\u00e7\u00e3o com as for\u00e7as federais.<\/p>\n<p>&#8220;Lamento profundamente esse ato de extrema covardia contra a vereadora Marielle Franco, uma mulher admir\u00e1vel, guerreira e atuante, de lideran\u00e7a inequ\u00edvoca, que tanto lutou contra as desigualdades e viol\u00eancia da qual acabou sendo v\u00edtima&#8221;, disse. &#8220;Solidarizo-me com familiares e amigos, e acompanho, com as for\u00e7as federais e integradas de Seguran\u00e7a, a apura\u00e7\u00e3o dos fatos para a puni\u00e7\u00e3o dos autores desse crime hediondo que tanto nos entristece&#8221;.<\/p>\n<p>O assassinato tamb\u00e9m causou indigna\u00e7\u00e3o entre intelectuais e artistas. A cantora Elza Soares usou o Twitter para lamentar a morte de Marielle e se disse chocada e horrorizada: &#8220;Das poucas vezes que me falta a voz. Chocada. Horrorizada. Toda morte me mata um pouco. Dessa forma me mata mais. Mulher, negra, l\u00e9sbica, ativista, defensora dos direitos humanos. Marielle Franco, sua voz ecoar\u00e1 em n\u00f3s. Gritemos&#8221;.<\/p>\n<p>A sambista Teresa Critina desejou conforto aos familiares da vereadora. &#8220;Que os familiares de Marielle Franco encontrem algum conforto diante de tamanha brutalidade&#8221;.<\/p>\n<p>Foto: Ag\u00eancia Brasil<\/p>\n","protected":false},"excerpt":{"rendered":"<p>A organiza\u00e7\u00e3o n\u00e3o governamental Anistia Internacional pediu hoje, 15, uma investiga\u00e7\u00e3o imediata e rigorosa do assassinato da vereadora do Rio de Janeiro e defensora dos direitos humanos Marielle Franco, do PSOL. A vereadora foi assassinada a tiros na noite de ontem, 14, no centro do Rio de Janeiro. O motorista que conduzia o carro em [&hellip;]<\/p>\n","protected":false},"author":96,"featured_media":93891,"comment_status":"closed","ping_status":"closed","sticky":false,"template":"","format":"standard","meta":{"footnotes":""},"categories":[254],"tags":[],"class_list":["post-93892","post","type-post","status-publish","format-standard","has-post-thumbnail","hentry","category-politica"],"_links":{"self":[{"href":"https:\/\/diarioregionaldigital.com.br\/index.php?rest_route=\/wp\/v2\/posts\/93892","targetHints":{"allow":["GET"]}}],"collection":[{"href":"https:\/\/diarioregionaldigital.com.br\/index.php?rest_route=\/wp\/v2\/posts"}],"about":[{"href":"https:\/\/diarioregionaldigital.com.br\/index.php?rest_route=\/wp\/v2\/types\/post"}],"author":[{"embeddable":true,"href":"https:\/\/diarioregionaldigital.com.br\/index.php?rest_route=\/wp\/v2\/users\/96"}],"replies":[{"embeddable":true,"href":"https:\/\/diarioregionaldigital.com.br\/index.php?rest_route=%2Fwp%2Fv2%2Fcomments&post=93892"}],"version-history":[{"count":0,"href":"https:\/\/diarioregionaldigital.com.br\/index.php?rest_route=\/wp\/v2\/posts\/93892\/revisions"}],"wp:featuredmedia":[{"embeddable":true,"href":"https:\/\/diarioregionaldigital.com.br\/index.php?rest_route=\/wp\/v2\/media\/93891"}],"wp:attachment":[{"href":"https:\/\/diarioregionaldigital.com.br\/index.php?rest_route=%2Fwp%2Fv2%2Fmedia&parent=93892"}],"wp:term":[{"taxonomy":"category","embeddable":true,"href":"https:\/\/diarioregionaldigital.com.br\/index.php?rest_route=%2Fwp%2Fv2%2Fcategories&post=93892"},{"taxonomy":"post_tag","embeddable":true,"href":"https:\/\/diarioregionaldigital.com.br\/index.php?rest_route=%2Fwp%2Fv2%2Ftags&post=93892"}],"curies":[{"name":"wp","href":"https:\/\/api.w.org\/{rel}","templated":true}]}}