{"id":93890,"date":"2018-03-15T12:03:18","date_gmt":"2018-03-15T15:03:18","guid":{"rendered":"http:\/\/diarioregionaljf.com.br\/2018\/03\/15\/mulher-tem-r-1-mil-roubados-no-bairro-santa-helena\/"},"modified":"2018-03-15T12:03:18","modified_gmt":"2018-03-15T15:03:18","slug":"mulher-tem-r-1-mil-roubados-no-bairro-santa-helena","status":"publish","type":"post","link":"https:\/\/diarioregionaldigital.com.br\/?p=93890","title":{"rendered":"Mulher tem R$1 mil roubados no bairro Santa Helena"},"content":{"rendered":"<p>ATUALIZADA \u00c0S 11H01, EM 15\/03\/2018<\/p>\n<p>Um mulher de 39 anos teve R$1 mil roubados durante assalto no bairro Santa Helena, regi\u00e3o central da cidade, no in\u00edcio da noite dessa quinta-feira, 14.<\/p>\n<p>Conforme informa\u00e7\u00f5es do Boletim de Ocorr\u00eancia (BO), a v\u00edtima relatou \u00e0 Pol\u00edcia Militar (PM) que estava na Rua Dona Maria Helena quando foi abordada por um homem em uma bicicleta. Ap\u00f3s amea\u00e7as, o autor roubou a quantia de R$1 mil. Ele fugiu, deixando uma faca no local.<\/p>\n","protected":false},"excerpt":{"rendered":"<p>ATUALIZADA \u00c0S 11H01, EM 15\/03\/2018 Um mulher de 39 anos teve R$1 mil roubados durante assalto no bairro Santa Helena, regi\u00e3o central da cidade, no in\u00edcio da noite dessa quinta-feira, 14. Conforme informa\u00e7\u00f5es do Boletim de Ocorr\u00eancia (BO), a v\u00edtima relatou \u00e0 Pol\u00edcia Militar (PM) que estava na Rua Dona Maria Helena quando foi abordada [&hellip;]<\/p>\n","protected":false},"author":96,"featured_media":93889,"comment_status":"closed","ping_status":"closed","sticky":false,"template":"","format":"standard","meta":{"footnotes":""},"categories":[301],"tags":[],"class_list":["post-93890","post","type-post","status-publish","format-standard","has-post-thumbnail","hentry","category-artigos-policiais"],"_links":{"self":[{"href":"https:\/\/diarioregionaldigital.com.br\/index.php?rest_route=\/wp\/v2\/posts\/93890","targetHints":{"allow":["GET"]}}],"collection":[{"href":"https:\/\/diarioregionaldigital.com.br\/index.php?rest_route=\/wp\/v2\/posts"}],"about":[{"href":"https:\/\/diarioregionaldigital.com.br\/index.php?rest_route=\/wp\/v2\/types\/post"}],"author":[{"embeddable":true,"href":"https:\/\/diarioregionaldigital.com.br\/index.php?rest_route=\/wp\/v2\/users\/96"}],"replies":[{"embeddable":true,"href":"https:\/\/diarioregionaldigital.com.br\/index.php?rest_route=%2Fwp%2Fv2%2Fcomments&post=93890"}],"version-history":[{"count":0,"href":"https:\/\/diarioregionaldigital.com.br\/index.php?rest_route=\/wp\/v2\/posts\/93890\/revisions"}],"wp:featuredmedia":[{"embeddable":true,"href":"https:\/\/diarioregionaldigital.com.br\/index.php?rest_route=\/wp\/v2\/media\/93889"}],"wp:attachment":[{"href":"https:\/\/diarioregionaldigital.com.br\/index.php?rest_route=%2Fwp%2Fv2%2Fmedia&parent=93890"}],"wp:term":[{"taxonomy":"category","embeddable":true,"href":"https:\/\/diarioregionaldigital.com.br\/index.php?rest_route=%2Fwp%2Fv2%2Fcategories&post=93890"},{"taxonomy":"post_tag","embeddable":true,"href":"https:\/\/diarioregionaldigital.com.br\/index.php?rest_route=%2Fwp%2Fv2%2Ftags&post=93890"}],"curies":[{"name":"wp","href":"https:\/\/api.w.org\/{rel}","templated":true}]}}