{"id":93888,"date":"2018-03-15T11:33:42","date_gmt":"2018-03-15T14:33:42","guid":{"rendered":"http:\/\/diarioregionaljf.com.br\/2018\/03\/15\/curso-preparatorio-para-concursos-abre-30-vagas-extras-para-turma-do-if\/"},"modified":"2018-03-15T11:33:42","modified_gmt":"2018-03-15T14:33:42","slug":"curso-preparatorio-para-concursos-abre-30-vagas-extras-para-turma-do-if","status":"publish","type":"post","link":"https:\/\/diarioregionaldigital.com.br\/?p=93888","title":{"rendered":"Curso preparat\u00f3rio para Concursos abre 30 vagas extras para turma do IF"},"content":{"rendered":"<p>O Curso preparat\u00f3rio para Concursos (CPC) abre 30 vagas extras para a turma do Instituto Federal de Educa\u00e7\u00e3o, Ci\u00eancia e Tecnologia (IF). Os interessados devem comparecer \u00e0 sede da Secretaria de Desenvolvimento Social (SDS), da Prefeitura de Juiz de Fora (PJF), na Rua Halfeld, n\u00ba 450, 5\u00b0 andar, das 8h \u00e0s 11h30 ou das 14h30 \u00e0s 17h30. As inscri\u00e7\u00f5es podem ser feitas a partir desta quinta-feira, 15, at\u00e9 dia 22 deste m\u00eas.<\/p>\n<p>A taxa de inscri\u00e7\u00e3o \u00e9 de R$91,13. Cadastrados no Bolsa Fam\u00edlia ou Benef\u00edcio de Presta\u00e7\u00e3o Continuada (BPC) ser\u00e3o isentos da taxa. O CPC n\u00e3o cobra mensalidade. Os documentos necess\u00e1rios para a inscri\u00e7\u00e3o s\u00e3o:<\/p>\n<p>\u2013 Carteira de identidade;<\/p>\n<p>\u2013 Cadastro de Pessoa F\u00edsica (CPF);<\/p>\n<p>\u2013 Comprovante de renda;<\/p>\n<p>\u2013 Comprovante de resid\u00eancia;<\/p>\n<p>\u2013 Hist\u00f3rico escolar;<\/p>\n<p>(Todos os documentos s\u00e3o obrigat\u00f3rios, independente de isen\u00e7\u00e3o na taxa de inscri\u00e7\u00e3o);<\/p>\n<p>\u2013 Comprovante de recebimento do Bolsa Fam\u00edlia ou BPC, se for o caso.<\/p>\n<h4>&nbsp;<\/h4>\n<h4>CPC<\/h4>\n<p>O Programa da Secretaria de Desenvolvimento Social (SDS) da Prefeitura de Juiz de Fora (PJF) tem como objetivo criar oportunidades para estudantes de baixa renda ingressarem no ensino superior ou t\u00e9cnico. Para isso, oferece cursos preparat\u00f3rios que possibilitem aos alunos concorrer em n\u00edvel de igualdade nos processos seletivos. Oferta, tamb\u00e9m, prepara\u00e7\u00e3o para estudantes que desejam realizar provas para concursos p\u00fablicos municipais e estaduais. Outras informa\u00e7\u00f5es sobre o CPC pelo telefone 3690-8503.<\/p>\n<p>&nbsp;<\/p>\n<p>Fonte: Assessoria<\/p>\n","protected":false},"excerpt":{"rendered":"<p>O Curso preparat\u00f3rio para Concursos (CPC) abre 30 vagas extras para a turma do Instituto Federal de Educa\u00e7\u00e3o, Ci\u00eancia e Tecnologia (IF). Os interessados devem comparecer \u00e0 sede da Secretaria de Desenvolvimento Social (SDS), da Prefeitura de Juiz de Fora (PJF), na Rua Halfeld, n\u00ba 450, 5\u00b0 andar, das 8h \u00e0s 11h30 ou das 14h30 [&hellip;]<\/p>\n","protected":false},"author":96,"featured_media":93887,"comment_status":"closed","ping_status":"closed","sticky":false,"template":"","format":"standard","meta":{"footnotes":""},"categories":[253],"tags":[],"class_list":["post-93888","post","type-post","status-publish","format-standard","has-post-thumbnail","hentry","category-cidade"],"_links":{"self":[{"href":"https:\/\/diarioregionaldigital.com.br\/index.php?rest_route=\/wp\/v2\/posts\/93888","targetHints":{"allow":["GET"]}}],"collection":[{"href":"https:\/\/diarioregionaldigital.com.br\/index.php?rest_route=\/wp\/v2\/posts"}],"about":[{"href":"https:\/\/diarioregionaldigital.com.br\/index.php?rest_route=\/wp\/v2\/types\/post"}],"author":[{"embeddable":true,"href":"https:\/\/diarioregionaldigital.com.br\/index.php?rest_route=\/wp\/v2\/users\/96"}],"replies":[{"embeddable":true,"href":"https:\/\/diarioregionaldigital.com.br\/index.php?rest_route=%2Fwp%2Fv2%2Fcomments&post=93888"}],"version-history":[{"count":0,"href":"https:\/\/diarioregionaldigital.com.br\/index.php?rest_route=\/wp\/v2\/posts\/93888\/revisions"}],"wp:featuredmedia":[{"embeddable":true,"href":"https:\/\/diarioregionaldigital.com.br\/index.php?rest_route=\/wp\/v2\/media\/93887"}],"wp:attachment":[{"href":"https:\/\/diarioregionaldigital.com.br\/index.php?rest_route=%2Fwp%2Fv2%2Fmedia&parent=93888"}],"wp:term":[{"taxonomy":"category","embeddable":true,"href":"https:\/\/diarioregionaldigital.com.br\/index.php?rest_route=%2Fwp%2Fv2%2Fcategories&post=93888"},{"taxonomy":"post_tag","embeddable":true,"href":"https:\/\/diarioregionaldigital.com.br\/index.php?rest_route=%2Fwp%2Fv2%2Ftags&post=93888"}],"curies":[{"name":"wp","href":"https:\/\/api.w.org\/{rel}","templated":true}]}}