{"id":93886,"date":"2018-03-15T11:23:25","date_gmt":"2018-03-15T14:23:25","guid":{"rendered":"http:\/\/diarioregionaljf.com.br\/2018\/03\/15\/pm-apreende-mais-de-440-pedras-de-crack-em-residencia-no-vale-verde\/"},"modified":"2018-03-15T11:23:25","modified_gmt":"2018-03-15T14:23:25","slug":"pm-apreende-mais-de-440-pedras-de-crack-em-residencia-no-vale-verde","status":"publish","type":"post","link":"https:\/\/diarioregionaldigital.com.br\/?p=93886","title":{"rendered":"PM apreende mais de 440 pedras de crack em resid\u00eancia no Vale Verde"},"content":{"rendered":"<p>Um jovem de 18 anos foi preso por tr\u00e1fico de drogas ap\u00f3s a Pol\u00edcia Militar (PM) atender \u00e0 uma den\u00fancia de agress\u00e3o na Rua Margarida Maria Alves, bairro Vale Verde, zona Sul de Juiz de Fora, na manh\u00e3 dessa quarta-feira, 14.<\/p>\n<p>Conforme o registro da ocorr\u00eancia, a esposa do autor, uma jovem de 23 anos, teria sido agredida pelo mesmo. Ao chegar na resid\u00eancia do casal, os militares localizaram, no quarto dos dois, 446 pedras de crack e a quantia de R$16.<\/p>\n<p>A jovem relatou que o esposo chegou em casa com a droga pela manh\u00e3. O autor foi preso e o material apreendido.<\/p>\n<p>&nbsp;<\/p>\n<h4>BANDEIRANTES<\/h4>\n<p>Em outra ocorr\u00eancia, dois jovens, de 21 e 24 anos, foram presos ao realizar o com\u00e9rcio de entorpecentes no bairro Bandeirantes, regi\u00e3o Nordeste de Juiz de Fora, no in\u00edcio da noite dessa quarta-feira, 14.<\/p>\n<p>Conforme informa\u00e7\u00f5es da PM, os autores foram abordados na pra\u00e7a do bairro, no momento em que realizavam a venda das drogas. Em um local no qual os autores guardavam os entorpecentes, foram encontradas 55 pedras de crack e oito buchas de maconha. Com aux\u00edlio de c\u00e3es farejadores, tamb\u00e9m foi localizada uma por\u00e7\u00e3o de maconha.<\/p>\n<p>Com um dos autores foi apreendida a quantia de R$15.<\/p>\n<p>Os jovens e o material apreendidos foram conduzidos \u00e0 delegacia.<\/p>\n","protected":false},"excerpt":{"rendered":"<p>Um jovem de 18 anos foi preso por tr\u00e1fico de drogas ap\u00f3s a Pol\u00edcia Militar (PM) atender \u00e0 uma den\u00fancia de agress\u00e3o na Rua Margarida Maria Alves, bairro Vale Verde, zona Sul de Juiz de Fora, na manh\u00e3 dessa quarta-feira, 14. Conforme o registro da ocorr\u00eancia, a esposa do autor, uma jovem de 23 anos, [&hellip;]<\/p>\n","protected":false},"author":96,"featured_media":93885,"comment_status":"closed","ping_status":"closed","sticky":false,"template":"","format":"standard","meta":{"footnotes":""},"categories":[301],"tags":[],"class_list":["post-93886","post","type-post","status-publish","format-standard","has-post-thumbnail","hentry","category-artigos-policiais"],"_links":{"self":[{"href":"https:\/\/diarioregionaldigital.com.br\/index.php?rest_route=\/wp\/v2\/posts\/93886","targetHints":{"allow":["GET"]}}],"collection":[{"href":"https:\/\/diarioregionaldigital.com.br\/index.php?rest_route=\/wp\/v2\/posts"}],"about":[{"href":"https:\/\/diarioregionaldigital.com.br\/index.php?rest_route=\/wp\/v2\/types\/post"}],"author":[{"embeddable":true,"href":"https:\/\/diarioregionaldigital.com.br\/index.php?rest_route=\/wp\/v2\/users\/96"}],"replies":[{"embeddable":true,"href":"https:\/\/diarioregionaldigital.com.br\/index.php?rest_route=%2Fwp%2Fv2%2Fcomments&post=93886"}],"version-history":[{"count":0,"href":"https:\/\/diarioregionaldigital.com.br\/index.php?rest_route=\/wp\/v2\/posts\/93886\/revisions"}],"wp:featuredmedia":[{"embeddable":true,"href":"https:\/\/diarioregionaldigital.com.br\/index.php?rest_route=\/wp\/v2\/media\/93885"}],"wp:attachment":[{"href":"https:\/\/diarioregionaldigital.com.br\/index.php?rest_route=%2Fwp%2Fv2%2Fmedia&parent=93886"}],"wp:term":[{"taxonomy":"category","embeddable":true,"href":"https:\/\/diarioregionaldigital.com.br\/index.php?rest_route=%2Fwp%2Fv2%2Fcategories&post=93886"},{"taxonomy":"post_tag","embeddable":true,"href":"https:\/\/diarioregionaldigital.com.br\/index.php?rest_route=%2Fwp%2Fv2%2Ftags&post=93886"}],"curies":[{"name":"wp","href":"https:\/\/api.w.org\/{rel}","templated":true}]}}