{"id":93884,"date":"2018-03-15T10:59:53","date_gmt":"2018-03-15T13:59:53","guid":{"rendered":"http:\/\/diarioregionaljf.com.br\/2018\/03\/15\/vereadora-do-psol-e-assassinada-a-tiros-no-centro-do-rio\/"},"modified":"2018-03-15T10:59:53","modified_gmt":"2018-03-15T13:59:53","slug":"vereadora-do-psol-e-assassinada-a-tiros-no-centro-do-rio","status":"publish","type":"post","link":"https:\/\/diarioregionaldigital.com.br\/?p=93884","title":{"rendered":"Vereadora do PSOL \u00e9 assassinada a tiros no centro do Rio"},"content":{"rendered":"<p>A vereadora pelo Rio de Janeiro Marielle Franco, do PSOL, foi morta a tiros no bairro do Est\u00e1cio, regi\u00e3o central da capital carioca, na noite dessa quarta-feira, 14. Ela estava dentro de um carro acompanhada de um motorista, que tamb\u00e9m foi morto, e de uma assessora, quando teria sido abordada por outro ve\u00edculo.<\/p>\n<p>Uma ambul\u00e2ncia do quartel central do Corpo de Bombeiros foi acionada para o local e constatou a morte da parlamentar e do motorista. A vereadora estava indo para casa no bairro da Tijuca, zona norte do Rio, voltando de um evento ligado ao movimento negro, na Lapa.<\/p>\n<p>A Delegacia de Homic\u00eddios esteve no local fazendo a per\u00edcia no carro da v\u00edtima, atingido por v\u00e1rios tiros. Segundo informa\u00e7\u00f5es preliminares da Pol\u00edcia Militar do RJ, que atendeu a ocorr\u00eancia, a parlamentar e o motorista, que n\u00e3o teve a identidade informada, foram baleados e morreram no local. A assessora Fernanda Chaves sobreviveu ao ataque e n\u00e3o teria sofrido nenhum tiro, segundo o Corpo de Bombeiros.<\/p>\n<p>Marielle voltava de um evento chamado \u201cJovens negras movendo as estruturas\u201d, na Lapa, quando, de acordo com testemunhas, teve o carro emparelhado por outro ve\u00edculo, de onde partiram os tiros.<\/p>\n<p>Em nota, a Executiva Nacional do PSOL manifestou pesar pelo assassinato da vereadora e destacou sua atua\u00e7\u00e3o pol\u00edtica. \u201cA atua\u00e7\u00e3o de Marielle como vereadora e ativista dos direitos humanos orgulha toda a milit\u00e2ncia do PSOL e ser\u00e1 honrada na continuidade de sua luta\u201d, diz um trecho. O partido tamb\u00e9m exigiu apura\u00e7\u00e3o \u201cimediata e rigorosa\u201d sobre as circunst\u00e2ncias do crime.<\/p>\n<p>H\u00e1 duas semanas, Marielle havia assumido relatoria da Comiss\u00e3o da C\u00e2mara de Vereadores do Rio criada para acompanhar a interven\u00e7\u00e3o federal na seguran\u00e7a p\u00fablica do Rio de Janeiro. Ela vinha se posicionando publicamente contra a medida.<\/p>\n<p>A parlamentar tamb\u00e9m chegou a denunciar, em suas redes sociais, no fim de semana, uma a\u00e7\u00e3o de policiais militares na favela do Acari. \u201cO 41\u00ba Batalh\u00e3o da Pol\u00edcia Militar do Rio de Janeiro est\u00e1 aterrorizando e violentando moradores de Acari. (&#8230;) Acontece desde sempre e com a interven\u00e7\u00e3o ficou ainda pior\u201d, escreveu.<\/p>\n<p>A PMERJ confirmou a opera\u00e7\u00e3o e argumentou que criminosos atiraram contra os policiais e houve confronto. Durante vasculhamento na comunidade, dois homens foram presos e houve apreens\u00e3o de um fuzil calibre 7,62 mm e oito r\u00e1dios comunicadores, segundo nota da corpora\u00e7\u00e3o.<\/p>\n<p>&nbsp;<\/p>\n<h4>TRAJET\u00d3RIA<\/h4>\n<p>Eleita com 46,5 mil votos, a quinta maior vota\u00e7\u00e3o para vereadora nas elei\u00e7\u00f5es de 2016, Marielle Franco estava no primeiro mandato como parlamentar. Oriunda da favela da Mar\u00e9, zona norte do Rio, tinha 38 anos, era soci\u00f3loga, com mestrado em Administra\u00e7\u00e3o P\u00fablica e militava no tema de direitos humanos.<\/p>\n<p>&nbsp;<\/p>\n<h4>PREFEITO<\/h4>\n<p>O prefeito Marcelo Crivella se manifestou sobre a morte da vereadora Marielle Franco. &#8220;\u00c9 com profundo pesar que lamentamos o brutal assassinato da vereadora Marielle Franco, cuja honradez, bravura e esp\u00edrito p\u00fablico representavam, com grandeza inigual\u00e1vel, as virtudes da mulher carioca. Sua trajet\u00f3ria exemplar de supera\u00e7\u00e3o continuar\u00e1 a brilhar como uma estrela de esperan\u00e7a para todos que, inconformados, lutam por um Rio culto, poderoso, rico, mas, sobretudo, justo e humano. Em cada lar uma prece, em cada olhar uma l\u00e1grima e em cada cora\u00e7\u00e3o um voto de tristeza, dor e saudade. \u00c9 assim que hoje anoitece a cidade desolada e amargurada pela perda de sua filha inesquec\u00edvel e inigual\u00e1vel. Que Deus a tenha!\u201d<\/p>\n<p>&nbsp;<\/p>\n<p>Fonte: Ag\u00eancia Brasil<\/p>\n","protected":false},"excerpt":{"rendered":"<p>A vereadora pelo Rio de Janeiro Marielle Franco, do PSOL, foi morta a tiros no bairro do Est\u00e1cio, regi\u00e3o central da capital carioca, na noite dessa quarta-feira, 14. Ela estava dentro de um carro acompanhada de um motorista, que tamb\u00e9m foi morto, e de uma assessora, quando teria sido abordada por outro ve\u00edculo. Uma ambul\u00e2ncia [&hellip;]<\/p>\n","protected":false},"author":96,"featured_media":93883,"comment_status":"closed","ping_status":"closed","sticky":false,"template":"","format":"standard","meta":{"footnotes":""},"categories":[302],"tags":[],"class_list":["post-93884","post","type-post","status-publish","format-standard","has-post-thumbnail","hentry","category-brasil-mundo"],"_links":{"self":[{"href":"https:\/\/diarioregionaldigital.com.br\/index.php?rest_route=\/wp\/v2\/posts\/93884","targetHints":{"allow":["GET"]}}],"collection":[{"href":"https:\/\/diarioregionaldigital.com.br\/index.php?rest_route=\/wp\/v2\/posts"}],"about":[{"href":"https:\/\/diarioregionaldigital.com.br\/index.php?rest_route=\/wp\/v2\/types\/post"}],"author":[{"embeddable":true,"href":"https:\/\/diarioregionaldigital.com.br\/index.php?rest_route=\/wp\/v2\/users\/96"}],"replies":[{"embeddable":true,"href":"https:\/\/diarioregionaldigital.com.br\/index.php?rest_route=%2Fwp%2Fv2%2Fcomments&post=93884"}],"version-history":[{"count":0,"href":"https:\/\/diarioregionaldigital.com.br\/index.php?rest_route=\/wp\/v2\/posts\/93884\/revisions"}],"wp:featuredmedia":[{"embeddable":true,"href":"https:\/\/diarioregionaldigital.com.br\/index.php?rest_route=\/wp\/v2\/media\/93883"}],"wp:attachment":[{"href":"https:\/\/diarioregionaldigital.com.br\/index.php?rest_route=%2Fwp%2Fv2%2Fmedia&parent=93884"}],"wp:term":[{"taxonomy":"category","embeddable":true,"href":"https:\/\/diarioregionaldigital.com.br\/index.php?rest_route=%2Fwp%2Fv2%2Fcategories&post=93884"},{"taxonomy":"post_tag","embeddable":true,"href":"https:\/\/diarioregionaldigital.com.br\/index.php?rest_route=%2Fwp%2Fv2%2Ftags&post=93884"}],"curies":[{"name":"wp","href":"https:\/\/api.w.org\/{rel}","templated":true}]}}