{"id":93880,"date":"2018-03-14T22:56:30","date_gmt":"2018-03-15T01:56:30","guid":{"rendered":"http:\/\/diarioregionaljf.com.br\/2018\/03\/14\/ufjf-inaugura-novo-predio-da-faculdade-de-comunicacao-nesta-quinta-feira\/"},"modified":"2018-03-14T22:56:30","modified_gmt":"2018-03-15T01:56:30","slug":"ufjf-inaugura-novo-predio-da-faculdade-de-comunicacao-nesta-quinta-feira","status":"publish","type":"post","link":"https:\/\/diarioregionaldigital.com.br\/?p=93880","title":{"rendered":"UFJF inaugura novo pr\u00e9dio da Faculdade de Comunica\u00e7\u00e3o nesta quinta-feira"},"content":{"rendered":"<p>A Faculdade de Comunica\u00e7\u00e3o (Facom) da Universidade Federal de Juiz de Fora (UFJF) inaugurou oficialmente, nesta quinta-feira, 15, suas novas instala\u00e7\u00f5es, entre os pr\u00e9dios das faculdades de Economia e de Farm\u00e1cia. O momento \u00e9 aguardado com ansiedade n\u00e3o s\u00f3 por alunos, servidores t\u00e9cnico-administrativos e professores, mas tamb\u00e9m por ex-alunos e agora profissionais formados pela unidade acad\u00eamica, que funcionou por 28 anos em um pr\u00e9dio entre as faculdades de Direito e de Educa\u00e7\u00e3o.<\/p>\n<p>\u201cCome\u00e7amos a mudan\u00e7a no ano passado, logo que o segundo semestre de aulas terminou, com a desmobiliza\u00e7\u00e3o do equipamento \u2013 desmontagem, separa\u00e7\u00e3o de material para transporte e retirada dos ambientes onde eles estavam\u201d, explica o diretor da Faculdade, Jorge Felz. \u201cA movimenta\u00e7\u00e3o para o novo pr\u00e9dio come\u00e7ou na segunda semana de fevereiro, mas acabou demorando um pouco mais do que o inicialmente previsto, pois, apesar do pr\u00e9dio antigo ser menor, havia muito equipamento a ser transportado\u201d.<\/p>\n<p>O trabalho, segundo o professor, come\u00e7ou com a desmontagem de todos os est\u00fadios e demais laborat\u00f3rios informatizados. \u201cMuitos dispositivos s\u00e3o anal\u00f3gicos, ent\u00e3o tivemos que identificar o que realmente poderia ser levado para o novo pr\u00e9dio e o que deveria ser encaminhado \u00e0 Coordena\u00e7\u00e3o de Sustentabilidade, onde haveria a desmobiliza\u00e7\u00e3o patrimonial correta. No fim, conseguimos reaproveitar 70% da estrutura. O mobili\u00e1rio, at\u00e9 por uma necessidade de ser otimizado, tamb\u00e9m foi redistribu\u00eddo\u201d, pontua.<\/p>\n<p>Com 4.900 m\u00b2 de \u00e1rea edificada, o novo pr\u00e9dio da Facom teve seu processo de constru\u00e7\u00e3o iniciado em 4 de junho de 2014, sendo entregue no \u00faltimo dia 20. \u201cJ\u00e1 estamos operando totalmente no novo pr\u00e9dio, enquanto o antigo j\u00e1 est\u00e1 sendo remanejado pelas faculdades de Administra\u00e7\u00e3o e de Servi\u00e7o Social, que v\u00e3o utiliz\u00e1-lo conjuntamente\u201d, aponta Felz. \u201cO local tem uma longa hist\u00f3ria, mas j\u00e1 n\u00e3o atendia nossas necessidades. Por isso, a sensa\u00e7\u00e3o diante da mudan\u00e7a \u00e9 de tranquilidade, pois nossas novas instala\u00e7\u00f5es oferecem uma condi\u00e7\u00e3o de trabalho muito melhor\u201d.<\/p>\n<p>O contrato (CT003\/14) que engloba as obras da Facom tamb\u00e9m contempla a Faculdade de Educa\u00e7\u00e3o F\u00edsica e Desportos (Faefid \u2013 Gin\u00e1sio Poliesportivo e Pr\u00e9dio de Gin\u00e1sticas e Lutas) e o Anexo Administrativo da Pr\u00f3-reitoria de Infraestrutura (Proinfra). O custo da obra da Faculdade de Comunica\u00e7\u00e3o foi de, aproximadamente, R$1,8 milh\u00e3o.<\/p>\n<h4>Um novo horizonte<\/h4>\n<p>A unidade agora conta com sete salas de aulas para a gradua\u00e7\u00e3o e duas para a p\u00f3s-gradua\u00e7\u00e3o; biblioteca e hemeroteca \u2013 ambiente onde se encontram cole\u00e7\u00f5es de jornais, revistas, peri\u00f3dicos e obras em s\u00e9rie; um est\u00fadio de \u00e1udio e tr\u00eas salas de edi\u00e7\u00e3o; dois est\u00fadios de TV; uma sala de reda\u00e7\u00e3o de radiojornalismo e dois est\u00fadio de grava\u00e7\u00e3o; uma sala de edi\u00e7\u00e3o e p\u00f3s-produ\u00e7\u00e3o em TV; um est\u00fadio de fotografia e ilumina\u00e7\u00e3o; um laborat\u00f3rio de fotografia; um laborat\u00f3rio de computa\u00e7\u00e3o gr\u00e1fica; duas salas de reda\u00e7\u00e3o informatizada; e um laborat\u00f3rio de edi\u00e7\u00e3o de \u00e1udio.<\/p>\n<p>Tamb\u00e9m foram constru\u00eddas uma sala para ag\u00eancia experimental de not\u00edcias; uma sala de cenografia e express\u00e3o corporal; uma sala de demonstra\u00e7\u00e3o; uma sala para a empresa j\u00fanior da Faculdade; salas administrativas; um anfiteatro com capacidade para receber 160 pessoas e outros espa\u00e7os destinados \u00e0s atividade de ensino, pesquisa e extens\u00e3o. Os ambientes est\u00e3o distribu\u00eddos em cinco andares, sendo um de subsolo e os demais acima do n\u00edvel da rua. H\u00e1 dois conjuntos de sanit\u00e1rios para pessoas com defici\u00eancia no subsolo e no primeiro, segundo, terceiro e quarto pavimentos.<\/p>\n<p>\u201c\u00c9 um espa\u00e7o que foi pensado como uma faculdade de Comunica\u00e7\u00e3o em crescimento, com um curso de doutorado, laborat\u00f3rios adequados e salas de aula confort\u00e1veis. Jamais esqueceremos nossa trajet\u00f3ria no antigo pr\u00e9dio, mas \u00e9 hora de olhar para frente e visar as novas oportunidades que est\u00e3o se apresentando para n\u00f3s. Agora podemos trabalhar de forma a avan\u00e7ar ainda mais com os cursos de Jornalismo e R\u00e1dio, TV e Internet, garantindo mais 60 anos de forma\u00e7\u00e3o bem sucedida\u201d, avalia o professor Felz, fazendo refer\u00eancia \u00e0s seis d\u00e9cadas de exist\u00eancia da unidade acad\u00eamica, celebradas no ano passado.<\/p>\n<p>Ainda segundo o gestor, que est\u00e1 \u00e0s v\u00e9speras de concluir seu per\u00edodo como diretor da Facom, a estrutura permitir\u00e1 \u00e0 Universidade ampliar a qualidade do ensino e da forma\u00e7\u00e3o ofertada. \u201cEssa estrutura foi pensada para manter o aluno por muito mais tempo dentro da Faculdade, n\u00e3o s\u00f3 como um local de passagem. Para que ele utilize mais o espa\u00e7o e infraestrutura que a gradua\u00e7\u00e3o e p\u00f3s-gradua\u00e7\u00e3o t\u00eam dispon\u00edvel. Deixamos de ter laborat\u00f3rios quase exclusivamente dedicados a aulas, permitindo o uso deles por projetos e programas. Por meio desse processo, alcan\u00e7aremos um novo n\u00edvel de excel\u00eancia\u201d.<\/p>\n<p>A solenidade de inaugura\u00e7\u00e3o do novo pr\u00e9dio acontece \u00e0s 9h, seguida por uma aula magna ministrada pela ex-aluna da Facom e professora da Universidade Federal do Rio de Janeiro (UFRJ), Raquel Paiva. A pesquisadora falar\u00e1 sobre o tema \u201cCartografia do comum: narrativas poss\u00edveis da cidade e do jornalismo\u201d. O evento ser\u00e1 aberto e gratuito para todos os interessados.<\/p>\n<hr \/>\n<p>&nbsp;Fonte: Assessoria\/UFJF<\/p>\n","protected":false},"excerpt":{"rendered":"<p>A Faculdade de Comunica\u00e7\u00e3o (Facom) da Universidade Federal de Juiz de Fora (UFJF) inaugurou oficialmente, nesta quinta-feira, 15, suas novas instala\u00e7\u00f5es, entre os pr\u00e9dios das faculdades de Economia e de Farm\u00e1cia. O momento \u00e9 aguardado com ansiedade n\u00e3o s\u00f3 por alunos, servidores t\u00e9cnico-administrativos e professores, mas tamb\u00e9m por ex-alunos e agora profissionais formados pela unidade [&hellip;]<\/p>\n","protected":false},"author":96,"featured_media":93879,"comment_status":"closed","ping_status":"closed","sticky":false,"template":"","format":"standard","meta":{"footnotes":""},"categories":[253],"tags":[],"class_list":["post-93880","post","type-post","status-publish","format-standard","has-post-thumbnail","hentry","category-cidade"],"_links":{"self":[{"href":"https:\/\/diarioregionaldigital.com.br\/index.php?rest_route=\/wp\/v2\/posts\/93880","targetHints":{"allow":["GET"]}}],"collection":[{"href":"https:\/\/diarioregionaldigital.com.br\/index.php?rest_route=\/wp\/v2\/posts"}],"about":[{"href":"https:\/\/diarioregionaldigital.com.br\/index.php?rest_route=\/wp\/v2\/types\/post"}],"author":[{"embeddable":true,"href":"https:\/\/diarioregionaldigital.com.br\/index.php?rest_route=\/wp\/v2\/users\/96"}],"replies":[{"embeddable":true,"href":"https:\/\/diarioregionaldigital.com.br\/index.php?rest_route=%2Fwp%2Fv2%2Fcomments&post=93880"}],"version-history":[{"count":0,"href":"https:\/\/diarioregionaldigital.com.br\/index.php?rest_route=\/wp\/v2\/posts\/93880\/revisions"}],"wp:featuredmedia":[{"embeddable":true,"href":"https:\/\/diarioregionaldigital.com.br\/index.php?rest_route=\/wp\/v2\/media\/93879"}],"wp:attachment":[{"href":"https:\/\/diarioregionaldigital.com.br\/index.php?rest_route=%2Fwp%2Fv2%2Fmedia&parent=93880"}],"wp:term":[{"taxonomy":"category","embeddable":true,"href":"https:\/\/diarioregionaldigital.com.br\/index.php?rest_route=%2Fwp%2Fv2%2Fcategories&post=93880"},{"taxonomy":"post_tag","embeddable":true,"href":"https:\/\/diarioregionaldigital.com.br\/index.php?rest_route=%2Fwp%2Fv2%2Ftags&post=93880"}],"curies":[{"name":"wp","href":"https:\/\/api.w.org\/{rel}","templated":true}]}}