{"id":93878,"date":"2018-03-14T22:44:54","date_gmt":"2018-03-15T01:44:54","guid":{"rendered":"http:\/\/diarioregionaljf.com.br\/2018\/03\/14\/preco-do-leite-tipo-c-registra-aumento-em-jf\/"},"modified":"2018-03-14T22:44:54","modified_gmt":"2018-03-15T01:44:54","slug":"preco-do-leite-tipo-c-registra-aumento-em-jf","status":"publish","type":"post","link":"https:\/\/diarioregionaldigital.com.br\/?p=93878","title":{"rendered":"Pre\u00e7o do leite tipo C registra aumento em JF"},"content":{"rendered":"<p>Em rela\u00e7\u00e3o \u00e0 semana passada, o pre\u00e7o m\u00e9dio do leite tipo C apresentou aumento de 0,64%, passando a custar R$2,957. Os dados foram apurados nesta quarta-feira, 14, pela Secretaria de Agropecu\u00e1ria e Abastecimento (SAA) da Prefeitura de Juiz de Fora (PJF). N\u00e3o houve altera\u00e7\u00e3o no valor m\u00e1ximo, que permanece em R$3,80, enquanto que o m\u00ednimo teve aumento de R$0,20, passando a custar R$2,50. A varia\u00e7\u00e3o em rela\u00e7\u00e3o a igual per\u00edodo do ano passado foi de mais 2,17%.<\/p>\n<p>A pesquisa foi aferida pelo Departamento de Fomento Agropecu\u00e1rio, Promo\u00e7\u00e3o Rural e Informa\u00e7\u00e3o (Dfapri) da SAA em 53 estabelecimentos, localizados nas oito regi\u00f5es do munic\u00edpio, com objetivo de informar a popula\u00e7\u00e3o sobre varia\u00e7\u00f5es de pre\u00e7o do produto. \u00c9 atrav\u00e9s do percentual do valor m\u00e9dio de comercializa\u00e7\u00e3o que os latic\u00ednios estabelecem o pre\u00e7o do leite in natura com produtores da cidade e regi\u00e3o.<\/p>\n<hr \/>\n<p>&nbsp;Fonte: Assessoria PJF<\/p>\n","protected":false},"excerpt":{"rendered":"<p>Em rela\u00e7\u00e3o \u00e0 semana passada, o pre\u00e7o m\u00e9dio do leite tipo C apresentou aumento de 0,64%, passando a custar R$2,957. Os dados foram apurados nesta quarta-feira, 14, pela Secretaria de Agropecu\u00e1ria e Abastecimento (SAA) da Prefeitura de Juiz de Fora (PJF). N\u00e3o houve altera\u00e7\u00e3o no valor m\u00e1ximo, que permanece em R$3,80, enquanto que o m\u00ednimo [&hellip;]<\/p>\n","protected":false},"author":96,"featured_media":93877,"comment_status":"closed","ping_status":"closed","sticky":false,"template":"","format":"standard","meta":{"footnotes":""},"categories":[261],"tags":[],"class_list":["post-93878","post","type-post","status-publish","format-standard","has-post-thumbnail","hentry","category-economia"],"_links":{"self":[{"href":"https:\/\/diarioregionaldigital.com.br\/index.php?rest_route=\/wp\/v2\/posts\/93878","targetHints":{"allow":["GET"]}}],"collection":[{"href":"https:\/\/diarioregionaldigital.com.br\/index.php?rest_route=\/wp\/v2\/posts"}],"about":[{"href":"https:\/\/diarioregionaldigital.com.br\/index.php?rest_route=\/wp\/v2\/types\/post"}],"author":[{"embeddable":true,"href":"https:\/\/diarioregionaldigital.com.br\/index.php?rest_route=\/wp\/v2\/users\/96"}],"replies":[{"embeddable":true,"href":"https:\/\/diarioregionaldigital.com.br\/index.php?rest_route=%2Fwp%2Fv2%2Fcomments&post=93878"}],"version-history":[{"count":0,"href":"https:\/\/diarioregionaldigital.com.br\/index.php?rest_route=\/wp\/v2\/posts\/93878\/revisions"}],"wp:featuredmedia":[{"embeddable":true,"href":"https:\/\/diarioregionaldigital.com.br\/index.php?rest_route=\/wp\/v2\/media\/93877"}],"wp:attachment":[{"href":"https:\/\/diarioregionaldigital.com.br\/index.php?rest_route=%2Fwp%2Fv2%2Fmedia&parent=93878"}],"wp:term":[{"taxonomy":"category","embeddable":true,"href":"https:\/\/diarioregionaldigital.com.br\/index.php?rest_route=%2Fwp%2Fv2%2Fcategories&post=93878"},{"taxonomy":"post_tag","embeddable":true,"href":"https:\/\/diarioregionaldigital.com.br\/index.php?rest_route=%2Fwp%2Fv2%2Ftags&post=93878"}],"curies":[{"name":"wp","href":"https:\/\/api.w.org\/{rel}","templated":true}]}}