{"id":93874,"date":"2018-03-14T22:40:53","date_gmt":"2018-03-15T01:40:53","guid":{"rendered":"http:\/\/diarioregionaljf.com.br\/2018\/03\/14\/meirelles-diz-que-reducao-de-tributos-depende-do-corte-de-despesas\/"},"modified":"2018-03-14T22:40:53","modified_gmt":"2018-03-15T01:40:53","slug":"meirelles-diz-que-reducao-de-tributos-depende-do-corte-de-despesas","status":"publish","type":"post","link":"https:\/\/diarioregionaldigital.com.br\/?p=93874","title":{"rendered":"Meirelles diz que redu\u00e7\u00e3o de tributos depende do corte de despesas"},"content":{"rendered":"<p>A redu\u00e7\u00e3o da carga tribut\u00e1ria no Brasil depende do corte de despesas, disse hoje, 14, o ministro da Fazenda, Henrique Meirelles. Ele visitou a sede do Twitter no Brasil, em S\u00e3o Paulo, onde gravou v\u00eddeos em respostas a perguntas de internautas.<\/p>\n<p>\u201cA maneira de diminuir a carga tribut\u00e1ria no Brasil \u00e9 cortar despesas. Estamos conseguindo isso com a imposi\u00e7\u00e3o de um teto de aumento dos gastos p\u00fablicos\u201d, disse em um dos v\u00eddeos publicados em sua conta no Twitter. Acrescentou que a reforma da Previd\u00eancia tamb\u00e9m \u00e9 fundamental para \u201celimina\u00e7\u00e3o de privil\u00e9gios\u201d e para cortar gastos.&nbsp;Para Meirelles, a redu\u00e7\u00e3o da carga tribut\u00e1ria, sem a redu\u00e7\u00e3o de despesas, levaria a um aumento da d\u00edvida p\u00fablica, com a consequ\u00eancia de causar alta nos juros e na infla\u00e7\u00e3o.<\/p>\n<p>O ministro da Fazenda afirmou, tamb\u00e9m, que a reforma tribut\u00e1ria ser\u00e1 iniciada com as mudan\u00e7as no Programa de Integra\u00e7\u00e3o Social e na Contribui\u00e7\u00e3o para o Financiamento da Seguridade Social (PIS\/Cofins), em elabora\u00e7\u00e3o pelo governo. Em seguida, disse, ser\u00e3o analisados impostos estaduais e federais.<\/p>\n<h4>Brasil precisa de equil\u00edbrio na economia<\/h4>\n<p>Henrique Meirelles disse ainda que para o Brasil crescer, com a retirada de milh\u00f5es de pessoas da pobreza, \u00e9 preciso equil\u00edbrio da economia e controle de despesas p\u00fablicas e da infla\u00e7\u00e3o, al\u00e9m de abrir a economia para o exterior.<\/p>\n<p>Ele citou que est\u00e1 \u201cacelerando\u201d o tratado de livre com\u00e9rcio com a Uni\u00e3o Europeia. \u201cIsso vai facilitar as exporta\u00e7\u00f5es brasileiras e a importa\u00e7\u00e3o de produtos para serem usados pela ind\u00fastria brasileira\u201d, disse.&nbsp;O ministro da Fazenda tamb\u00e9m citou que iniciou as conversa\u00e7\u00f5es com o Reino Unido para fazer um tratado de com\u00e9rcio ap\u00f3s a sa\u00edda da Uni\u00e3o Europeia e a aproxima\u00e7\u00e3o com os pa\u00edses integrantes da Parceria Transpac\u00edfico, assinada por na\u00e7\u00f5es banhadas pelo Oceano Pac\u00edfico.<\/p>\n<p>Sobre os juros no Brasil, ele lembrou que os juros est\u00e3o no menor patamar da hist\u00f3ria, ao se referir \u00e0 taxa b\u00e1sica Selic, em 6,75% ao ano. \u201cIsso come\u00e7a a aparecer nos juros do cr\u00e9dito que v\u00e3o continuar caindo daqui para frente\u201d, disse.<\/p>\n<p>Henrique Meirelles tamb\u00e9m respondeu perguntas relacionadas \u00e0 possibilidade de ser candidato \u00e0 Presid\u00eancia da Rep\u00fablica. Segundo ele, a decis\u00e3o sobre a candidatura ser\u00e1 tomada at\u00e9 in\u00edcio de abril.&nbsp;Ele respondeu at\u00e9 mesmo uma pergunta sobre o nome de sua cadela, que aparece em uma foto na sua conta no Instagram.<\/p>\n<p>\u201cEu tenho cinco cachorros e gosto de todos. A m\u00e3e e quatro filhotes. A que apareceu no Instagram foi a filha mais velha \u2013 a Trica. \u00c9 uma farra. Eu acho que cachorro \u00e9 um movimento, uma presen\u00e7a afetiva que faz muito bem a todos. Eu aconselho\u201d, finalizou.<\/p>\n<hr \/>\n<p>&nbsp;Fonte: Ag\u00eancia Brasil<\/p>\n","protected":false},"excerpt":{"rendered":"<p>A redu\u00e7\u00e3o da carga tribut\u00e1ria no Brasil depende do corte de despesas, disse hoje, 14, o ministro da Fazenda, Henrique Meirelles. Ele visitou a sede do Twitter no Brasil, em S\u00e3o Paulo, onde gravou v\u00eddeos em respostas a perguntas de internautas. \u201cA maneira de diminuir a carga tribut\u00e1ria no Brasil \u00e9 cortar despesas. Estamos conseguindo [&hellip;]<\/p>\n","protected":false},"author":96,"featured_media":93873,"comment_status":"closed","ping_status":"closed","sticky":false,"template":"","format":"standard","meta":{"footnotes":""},"categories":[261],"tags":[],"class_list":["post-93874","post","type-post","status-publish","format-standard","has-post-thumbnail","hentry","category-economia"],"_links":{"self":[{"href":"https:\/\/diarioregionaldigital.com.br\/index.php?rest_route=\/wp\/v2\/posts\/93874","targetHints":{"allow":["GET"]}}],"collection":[{"href":"https:\/\/diarioregionaldigital.com.br\/index.php?rest_route=\/wp\/v2\/posts"}],"about":[{"href":"https:\/\/diarioregionaldigital.com.br\/index.php?rest_route=\/wp\/v2\/types\/post"}],"author":[{"embeddable":true,"href":"https:\/\/diarioregionaldigital.com.br\/index.php?rest_route=\/wp\/v2\/users\/96"}],"replies":[{"embeddable":true,"href":"https:\/\/diarioregionaldigital.com.br\/index.php?rest_route=%2Fwp%2Fv2%2Fcomments&post=93874"}],"version-history":[{"count":0,"href":"https:\/\/diarioregionaldigital.com.br\/index.php?rest_route=\/wp\/v2\/posts\/93874\/revisions"}],"wp:featuredmedia":[{"embeddable":true,"href":"https:\/\/diarioregionaldigital.com.br\/index.php?rest_route=\/wp\/v2\/media\/93873"}],"wp:attachment":[{"href":"https:\/\/diarioregionaldigital.com.br\/index.php?rest_route=%2Fwp%2Fv2%2Fmedia&parent=93874"}],"wp:term":[{"taxonomy":"category","embeddable":true,"href":"https:\/\/diarioregionaldigital.com.br\/index.php?rest_route=%2Fwp%2Fv2%2Fcategories&post=93874"},{"taxonomy":"post_tag","embeddable":true,"href":"https:\/\/diarioregionaldigital.com.br\/index.php?rest_route=%2Fwp%2Fv2%2Ftags&post=93874"}],"curies":[{"name":"wp","href":"https:\/\/api.w.org\/{rel}","templated":true}]}}