{"id":93868,"date":"2018-03-14T22:13:53","date_gmt":"2018-03-15T01:13:53","guid":{"rendered":"http:\/\/diarioregionaljf.com.br\/2018\/03\/14\/moradores-reclamam-de-mato-e-buracos-no-bairro-bom-clima\/"},"modified":"2018-03-14T22:13:53","modified_gmt":"2018-03-15T01:13:53","slug":"moradores-reclamam-de-mato-e-buracos-no-bairro-bom-clima","status":"publish","type":"post","link":"https:\/\/diarioregionaldigital.com.br\/?p=93868","title":{"rendered":"Moradores reclamam de mato e buracos no bairro Bom Clima"},"content":{"rendered":"<p>O mato alto e os buracos voltaram a tomar conta da Rua Ant\u00f4nio Chimico Corr\u00eaa, localizada no bairro Bom Clima, regi\u00e3o Nordeste da cidade. Esse \u00e9 o relato de um morador, que procurou a reportagem do Di\u00e1rio Regional para reclamar das m\u00e1s condi\u00e7\u00f5es da via e da falta de capina. Em julho do ano passado, o mesmo residente, que prefere n\u00e3o se identificar, j\u00e1 havia entrado em contato para denunciar o descaso do poder p\u00fablico.<\/p>\n<p>\u201cEsses problemas s\u00e3o antigos, j\u00e1 ocorrem h\u00e1 cerca de tr\u00eas anos. A Prefeitura vem, faz a obra, mas dias depois os buracos nos asfaltos voltam a se abrir. A qualidade do servi\u00e7o \u00e9 p\u00e9ssima, o ideal seria um recapeamento. J\u00e1 sugeri para Administra\u00e7\u00e3o, mas eles n\u00e3o atenderam. Esses remendos n\u00e3o v\u00e3o resolver o problema\u201d, afirma o morador.<\/p>\n<p>Segundo ele, em v\u00e1rios pontos da via \u00e9 poss\u00edvel perceber que os buracos foram tapados provisoriamente. Basta cair uma chuva para o problema voltar. \u201cOs buracos ficam enormes e quase que n\u00e3o d\u00e1 para os motoristas desviarem. \u00c9 um trecho que passa \u00f4nibus, caminh\u00e3o, ve\u00edculos escolares\u201d, diz.<\/p>\n<p>O mato alto coloca em risco a vida dos moradores. \u201cTem um bueiro no local que est\u00e1 sem boca de lobo e foi tapado pelo mato. Quem n\u00e3o conhece o bairro e est\u00e1 passando nas proximidades, se arrisca a cair ali ou enfiar a roda do carro l\u00e1 dentro. O mato tamb\u00e9m sucumbiu o passeio, obrigando o deslocamento das pessoas pelo centro da via\u201d, relata o residente.<\/p>\n<h4>&nbsp;<\/h4>\n<h4>PREFEITURA<\/h4>\n<p>Em nota, a Empresa Municipal de Pavimenta\u00e7\u00e3o e Urbaniza\u00e7\u00e3o (Empav) de Juiz de Fora informa que o local est\u00e1 na programa\u00e7\u00e3o do \u00f3rg\u00e3o para receber uma nova opera\u00e7\u00e3o tapa-buraco. A assessoria do Departamento Municipal de Limpeza Urbana (Demlurb) tamb\u00e9m afirmou que a capina da Rua Ant\u00f4nio Chimico Correia, no foi inserida na programa\u00e7\u00e3o de servi\u00e7os. O departamento refor\u00e7a que \u201cpara outras informa\u00e7\u00f5es sobre os servi\u00e7os de limpeza p\u00fablica ou solicita\u00e7\u00f5es de capina ou varri\u00e7\u00e3o, o telefone de contato \u00e9 o 3690-3500, que atende das 8h \u00e0s 18 horas. Os pedidos tamb\u00e9m podem ser feitos atrav\u00e9s de nosso site (www.demlurb.pjf.mg.gov.br)\u201d.<\/p>\n","protected":false},"excerpt":{"rendered":"<p>O mato alto e os buracos voltaram a tomar conta da Rua Ant\u00f4nio Chimico Corr\u00eaa, localizada no bairro Bom Clima, regi\u00e3o Nordeste da cidade. Esse \u00e9 o relato de um morador, que procurou a reportagem do Di\u00e1rio Regional para reclamar das m\u00e1s condi\u00e7\u00f5es da via e da falta de capina. Em julho do ano passado, [&hellip;]<\/p>\n","protected":false},"author":96,"featured_media":93867,"comment_status":"closed","ping_status":"closed","sticky":false,"template":"","format":"standard","meta":{"footnotes":""},"categories":[253],"tags":[],"class_list":["post-93868","post","type-post","status-publish","format-standard","has-post-thumbnail","hentry","category-cidade"],"_links":{"self":[{"href":"https:\/\/diarioregionaldigital.com.br\/index.php?rest_route=\/wp\/v2\/posts\/93868","targetHints":{"allow":["GET"]}}],"collection":[{"href":"https:\/\/diarioregionaldigital.com.br\/index.php?rest_route=\/wp\/v2\/posts"}],"about":[{"href":"https:\/\/diarioregionaldigital.com.br\/index.php?rest_route=\/wp\/v2\/types\/post"}],"author":[{"embeddable":true,"href":"https:\/\/diarioregionaldigital.com.br\/index.php?rest_route=\/wp\/v2\/users\/96"}],"replies":[{"embeddable":true,"href":"https:\/\/diarioregionaldigital.com.br\/index.php?rest_route=%2Fwp%2Fv2%2Fcomments&post=93868"}],"version-history":[{"count":0,"href":"https:\/\/diarioregionaldigital.com.br\/index.php?rest_route=\/wp\/v2\/posts\/93868\/revisions"}],"wp:featuredmedia":[{"embeddable":true,"href":"https:\/\/diarioregionaldigital.com.br\/index.php?rest_route=\/wp\/v2\/media\/93867"}],"wp:attachment":[{"href":"https:\/\/diarioregionaldigital.com.br\/index.php?rest_route=%2Fwp%2Fv2%2Fmedia&parent=93868"}],"wp:term":[{"taxonomy":"category","embeddable":true,"href":"https:\/\/diarioregionaldigital.com.br\/index.php?rest_route=%2Fwp%2Fv2%2Fcategories&post=93868"},{"taxonomy":"post_tag","embeddable":true,"href":"https:\/\/diarioregionaldigital.com.br\/index.php?rest_route=%2Fwp%2Fv2%2Ftags&post=93868"}],"curies":[{"name":"wp","href":"https:\/\/api.w.org\/{rel}","templated":true}]}}