{"id":93866,"date":"2018-03-14T22:00:28","date_gmt":"2018-03-15T01:00:28","guid":{"rendered":"http:\/\/diarioregionaljf.com.br\/2018\/03\/14\/social-25\/"},"modified":"2018-03-14T22:00:28","modified_gmt":"2018-03-15T01:00:28","slug":"social-25","status":"publish","type":"post","link":"https:\/\/diarioregionaldigital.com.br\/?p=93866","title":{"rendered":"Social"},"content":{"rendered":"<p>A colunista e diretora da revista Em Voga, Maria Ang\u00e9lica Rebou\u00e7as, reuniu um grupo de mulheres para comemorar seu anivers\u00e1rio na Max-P\u00e3o do Espa\u00e7o Design. Tudo com classe e estilo. As fotos registram.<\/p>\n<p style=\"text-align: center;\"><img loading=\"lazy\" decoding=\"async\" class=\" size-full wp-image-93858\" src=\"http:\/\/diarioregionaljf.com.br\/wp-content\/uploads\/2018\/03\/diario-int-25082-1.jpg\" alt=\"fotoa.jpg\" style=\"display: block; margin-left: auto; margin-right: auto;\" width=\"680\" height=\"450\" srcset=\"https:\/\/diarioregionaldigital.com.br\/wp-content\/uploads\/2018\/03\/diario-int-25082-1.jpg 680w, https:\/\/diarioregionaldigital.com.br\/wp-content\/uploads\/2018\/03\/diario-int-25082-1-300x199.jpg 300w, https:\/\/diarioregionaldigital.com.br\/wp-content\/uploads\/2018\/03\/diario-int-25082-1-360x238.jpg 360w\" sizes=\"auto, (max-width: 680px) 100vw, 680px\" \/>A anfitri\u00e3 Maria Ang\u00e9lica Rebou\u00e7as&nbsp;com Beatriz Barra, Cristina Mansur&nbsp;e Alda Salom\u00e3o de Campos<\/p>\n<p>&nbsp;<\/p>\n<p style=\"text-align: center;\"><img loading=\"lazy\" decoding=\"async\" class=\" size-full wp-image-93859\" src=\"http:\/\/diarioregionaljf.com.br\/wp-content\/uploads\/2018\/03\/diario-int-25082-2.jpg\" alt=\"fotob.jpg\" style=\"display: block; margin-left: auto; margin-right: auto;\" width=\"680\" height=\"439\" srcset=\"https:\/\/diarioregionaldigital.com.br\/wp-content\/uploads\/2018\/03\/diario-int-25082-2.jpg 680w, https:\/\/diarioregionaldigital.com.br\/wp-content\/uploads\/2018\/03\/diario-int-25082-2-300x194.jpg 300w, https:\/\/diarioregionaldigital.com.br\/wp-content\/uploads\/2018\/03\/diario-int-25082-2-360x232.jpg 360w\" sizes=\"auto, (max-width: 680px) 100vw, 680px\" \/>As elegantes Cida&nbsp;Delmonte e \u00c2ngela Moreira<\/p>\n<p>&nbsp;<\/p>\n<p style=\"text-align: center;\"><img loading=\"lazy\" decoding=\"async\" class=\" size-full wp-image-93860\" src=\"http:\/\/diarioregionaljf.com.br\/wp-content\/uploads\/2018\/03\/diario-int-25082-3.jpg\" alt=\"fotoc.jpg\" style=\"display: block; margin-left: auto; margin-right: auto;\" width=\"460\" height=\"450\" srcset=\"https:\/\/diarioregionaldigital.com.br\/wp-content\/uploads\/2018\/03\/diario-int-25082-3.jpg 460w, https:\/\/diarioregionaldigital.com.br\/wp-content\/uploads\/2018\/03\/diario-int-25082-3-300x293.jpg 300w, https:\/\/diarioregionaldigital.com.br\/wp-content\/uploads\/2018\/03\/diario-int-25082-3-360x352.jpg 360w\" sizes=\"auto, (max-width: 460px) 100vw, 460px\" \/>Jacqueline Vianna, Alda&nbsp;Salom\u00e3o de Campos e&nbsp;Maria Ang\u00e9lica Rebou\u00e7as<\/p>\n<p>&nbsp;<\/p>\n<p style=\"text-align: center;\"><img loading=\"lazy\" decoding=\"async\" class=\" size-full wp-image-93861\" src=\"http:\/\/diarioregionaljf.com.br\/wp-content\/uploads\/2018\/03\/diario-int-25082-4.jpg\" alt=\"fotod.jpg\" style=\"display: block; margin-left: auto; margin-right: auto;\" width=\"680\" height=\"422\" srcset=\"https:\/\/diarioregionaldigital.com.br\/wp-content\/uploads\/2018\/03\/diario-int-25082-4.jpg 680w, https:\/\/diarioregionaldigital.com.br\/wp-content\/uploads\/2018\/03\/diario-int-25082-4-300x186.jpg 300w, https:\/\/diarioregionaldigital.com.br\/wp-content\/uploads\/2018\/03\/diario-int-25082-4-360x223.jpg 360w\" sizes=\"auto, (max-width: 680px) 100vw, 680px\" \/>J\u00fa F\u00e1vero, Sueli F\u00e1vero, Maria&nbsp;Ang\u00e9lica Rebou\u00e7as e Mary Delgado<\/p>\n<p>&nbsp;<\/p>\n<p style=\"text-align: center;\"><img loading=\"lazy\" decoding=\"async\" class=\" size-full wp-image-93862\" src=\"http:\/\/diarioregionaljf.com.br\/wp-content\/uploads\/2018\/03\/diario-int-25082-5.jpg\" alt=\"fotoe.jpg\" style=\"display: block; margin-left: auto; margin-right: auto;\" width=\"531\" height=\"450\" srcset=\"https:\/\/diarioregionaldigital.com.br\/wp-content\/uploads\/2018\/03\/diario-int-25082-5.jpg 531w, https:\/\/diarioregionaldigital.com.br\/wp-content\/uploads\/2018\/03\/diario-int-25082-5-300x254.jpg 300w, https:\/\/diarioregionaldigital.com.br\/wp-content\/uploads\/2018\/03\/diario-int-25082-5-360x305.jpg 360w\" sizes=\"auto, (max-width: 531px) 100vw, 531px\" \/>Leda Santiago, Myrliane&nbsp;Le\u00e3o e Renata Hargreaves<\/p>\n<p>&nbsp;<\/p>\n<p style=\"text-align: center;\"><img loading=\"lazy\" decoding=\"async\" class=\" size-full wp-image-93863\" src=\"http:\/\/diarioregionaljf.com.br\/wp-content\/uploads\/2018\/03\/diario-int-25082-6.jpg\" alt=\"fotof.jpg\" style=\"display: block; margin-left: auto; margin-right: auto;\" width=\"579\" height=\"450\" srcset=\"https:\/\/diarioregionaldigital.com.br\/wp-content\/uploads\/2018\/03\/diario-int-25082-6.jpg 579w, https:\/\/diarioregionaldigital.com.br\/wp-content\/uploads\/2018\/03\/diario-int-25082-6-300x233.jpg 300w, https:\/\/diarioregionaldigital.com.br\/wp-content\/uploads\/2018\/03\/diario-int-25082-6-360x280.jpg 360w\" sizes=\"auto, (max-width: 579px) 100vw, 579px\" \/>Beatriz Barra e&nbsp;Belinha Sampaio<\/p>\n<p>&nbsp;<\/p>\n<p style=\"text-align: center;\"><img loading=\"lazy\" decoding=\"async\" class=\" size-full wp-image-93864\" src=\"http:\/\/diarioregionaljf.com.br\/wp-content\/uploads\/2018\/03\/diario-int-25082-7.jpg\" alt=\"fotog.jpg\" style=\"display: block; margin-left: auto; margin-right: auto;\" width=\"317\" height=\"450\" srcset=\"https:\/\/diarioregionaldigital.com.br\/wp-content\/uploads\/2018\/03\/diario-int-25082-7.jpg 317w, https:\/\/diarioregionaldigital.com.br\/wp-content\/uploads\/2018\/03\/diario-int-25082-7-211x300.jpg 211w\" sizes=\"auto, (max-width: 317px) 100vw, 317px\" \/>Neuza Marsicano e Cristina Mansur<\/p>\n<p>&nbsp;<\/p>\n<p style=\"text-align: center;\"><img loading=\"lazy\" decoding=\"async\" class=\" size-full wp-image-93865\" src=\"http:\/\/diarioregionaljf.com.br\/wp-content\/uploads\/2018\/03\/diario-int-25082-8.jpg\" alt=\"fotoh.jpg\" style=\"display: block; margin-left: auto; margin-right: auto;\" width=\"480\" height=\"450\" srcset=\"https:\/\/diarioregionaldigital.com.br\/wp-content\/uploads\/2018\/03\/diario-int-25082-8.jpg 480w, https:\/\/diarioregionaldigital.com.br\/wp-content\/uploads\/2018\/03\/diario-int-25082-8-300x281.jpg 300w, https:\/\/diarioregionaldigital.com.br\/wp-content\/uploads\/2018\/03\/diario-int-25082-8-360x338.jpg 360w\" sizes=\"auto, (max-width: 480px) 100vw, 480px\" \/>Maria Ang\u00e9lica Rebou\u00e7as&nbsp;e Myrliane Le\u00e3o<\/p>\n<hr \/>\n<h4>FASHION<\/h4>\n<p>Gente da moda da cidade e regi\u00e3o participaram no MAMM da palestra do professor Jo\u00e3o Braga que desenvolveu em grande estilo o tema \u201cA seculariza\u00e7\u00e3o do sagrado crist\u00e3o pela moda\u201d. Na oportunidade ele autografou seu oitavo livro \u201cCadeira n\u00ba 39\u201d. Merecidamente em 2017, Jo\u00e3o Braga tornou-se o primeiro docente de forma\u00e7\u00e3o a ocupar uma cadeira na Academia Brasileira de Moda.<\/p>\n<hr \/>\n<h4>DOIS SABI\u00c1S<\/h4>\n<p>Considerado o novo templo da m\u00fasica em Juiz de Fora,&nbsp;o PluriBistr\u00f4 tem reunido um bom p\u00fablico aos domingos para o Projeto Domingo Plural. Em cada domingo, uma atra\u00e7\u00e3o diferente pipoca no&nbsp;espa\u00e7o. Para encerrar a Semana da Mulher, domingo&nbsp;passado teve o Projeto Dois Sabi\u00e1s, com os talentosos Paulo Lanini e Alessandra Crispin.<\/p>\n<hr \/>\n<h4>NOT\u00cdCIA<\/h4>\n<p>O Grupo Botic\u00e1rio confirmou a compra da brasileira Vult Cosm\u00e9tica. Com a aquisi\u00e7\u00e3o, o Botic\u00e1rio passou a ser o segundo maior grupo&nbsp;de segmento de maquiagem&nbsp;no Brasil, com 15,3%&nbsp;do mercado ultrapassando a&nbsp;Natura e ficando atr\u00e1s apenas&nbsp;da Avon.<\/p>\n<hr \/>\n<h4>BELO EXEMPLO<\/h4>\n<p>Amante dos animais, a veterin\u00e1ria&nbsp;Ne\u00edsa Teixeira, que atua em projeto em defesa dos bichos,&nbsp;lan\u00e7ou uma \u201ca\u00e7\u00e3o entre&nbsp;amigos\u201d para compra de ra\u00e7\u00e3o.&nbsp;Palmas para ela.<\/p>\n<hr \/>\n<h4>DICA<\/h4>\n<p>Em ritmo de as \u00e1guas v\u00e3o&nbsp;rolar, no dia 21 de abril, \u00e0s 22h, na sede social da ASE,&nbsp;vai bombar o Baile Comemorativo<br \/>de 10 anos da Banda&nbsp;Zampa. Mesas: 3215-3727.<\/p>\n<hr \/>\n<h4 style=\"text-align: center;\">&nbsp;FOTOSS\u00cdNTESE<\/h4>\n<p>\u2022 Vai ter cantoria dia 17, 23h,&nbsp;no Cultural Bar. O samba de&nbsp;qualidade entra em cena com&nbsp;a diva Sandra Portella convidando&nbsp;Moacyr Luz. Amigos e&nbsp;f\u00e3s j\u00e1 mobilizam grupos para&nbsp;prestigiar o show.<\/p>\n<p>\u2022 Expectativa no circuito nacional&nbsp;para a estreia do filme&nbsp;com a cinebiografia de&nbsp;Edir Macedo. A estreia ser\u00e1&nbsp;dia 29 e a Igreja Universal&nbsp;montou uma grande opera\u00e7\u00e3o&nbsp;para que o filme seja o&nbsp;mais assistido do pa\u00eds. Antes de estrear, \u201cNada a perder\u201d j\u00e1&nbsp;tem a maior bilheteria deste&nbsp;ano em filmes nacionais.<\/p>\n<p>\u2022 Eterna rainha da cocada&nbsp;preta, Ivete Sangalo foi&nbsp;convidada pela Globo para&nbsp;uma participa\u00e7\u00e3o especial&nbsp;em \u201cSegundo Sol\u201d, pr\u00f3xima&nbsp;nova das nove, que estreia&nbsp;em maio.<\/p>\n<p>\u2022 Dica: o bolinho de bacalhau&nbsp;e o camar\u00e3o empanado do&nbsp;Poleiro do Galo \u00e9 o melhor&nbsp;da cidade. Combina e muito com o chopp zero grau da&nbsp;casa.<\/p>\n<p>\u2022 O presidente do Sindipan,&nbsp;Heveraldo Lima de Castro,&nbsp;contabiliza sucesso com o&nbsp;evento Caravana Propan,&nbsp;com palestra do consultor&nbsp;M\u00e1rcio Rodrigues sobre o&nbsp;momento da panifica\u00e7\u00e3o seus desafios e oportunidades.<\/p>\n<p>\u2022 Marc\u00edlio Gomes e S\u00f4nia&nbsp;Zouain formavam mesa elegante&nbsp;durante a semana no&nbsp;Kurt Bistr\u00f4. Em outra mesa,&nbsp;Lelei Faini, Celso Noronha e&nbsp;Cristiano Costa.<\/p>\n<p>\u2022 O Minist\u00e9rio da Educa\u00e7\u00e3o publicou no Di\u00e1rio Oficial&nbsp;da Uni\u00e3o (DOU) a Portaria&nbsp;209\/2018, que disp\u00f5e sobre&nbsp;as regras e os procedimentos&nbsp;referentes \u00e0 concess\u00e3o de&nbsp;empr\u00e9stimos a estudantes no&nbsp;\u00e2mbito do Fundo de Financiamento&nbsp;(Fies), a partir do&nbsp;primeiro semestre deste ano.<\/p>\n<p>\u2022 Ser\u00e1 em Barbacena no dia&nbsp;6 de maio, de 13h \u00e0s 19h,&nbsp;o workshop com o coiffeur&nbsp;Paulinho Honoratto. Tudo sobre&nbsp;beleza dos cabelos e produ\u00e7\u00e3o&nbsp;para casamento. Ser\u00e1 no Master Plaza Hotel.<\/p>\n<p>\u2022 Foi no Espa\u00e7o Excalibur o&nbsp;concorrido lan\u00e7amento do&nbsp;livro \u201cAbigail\u201d, do escritor&nbsp;Nehmy Xavier.<\/p>\n<p>\u2022 O Bar da F\u00e1brica apresenta&nbsp;nesta 5\u00aa feira, \u00e0s 22h, o projeto&nbsp;Rock Sessions, com Acoustic&nbsp;N\u2019Roll e Henrique Filho.<\/p>\n<p>\u2022 Para sacar: O moralista \u00e9&nbsp;um invejoso do prazer alheio.&nbsp;Condena aquilo que n\u00e3o tem&nbsp;coragem de fazer. Bom dia.<\/p>\n","protected":false},"excerpt":{"rendered":"<p>A colunista e diretora da revista Em Voga, Maria Ang\u00e9lica Rebou\u00e7as, reuniu um grupo de mulheres para comemorar seu anivers\u00e1rio na Max-P\u00e3o do Espa\u00e7o Design. Tudo com classe e estilo. As fotos registram. A anfitri\u00e3 Maria Ang\u00e9lica Rebou\u00e7as&nbsp;com Beatriz Barra, Cristina Mansur&nbsp;e Alda Salom\u00e3o de Campos &nbsp; As elegantes Cida&nbsp;Delmonte e \u00c2ngela Moreira &nbsp; Jacqueline [&hellip;]<\/p>\n","protected":false},"author":96,"featured_media":93857,"comment_status":"closed","ping_status":"closed","sticky":false,"template":"","format":"standard","meta":{"footnotes":""},"categories":[264],"tags":[],"class_list":["post-93866","post","type-post","status-publish","format-standard","has-post-thumbnail","hentry","category-eduardo-gomes"],"_links":{"self":[{"href":"https:\/\/diarioregionaldigital.com.br\/index.php?rest_route=\/wp\/v2\/posts\/93866","targetHints":{"allow":["GET"]}}],"collection":[{"href":"https:\/\/diarioregionaldigital.com.br\/index.php?rest_route=\/wp\/v2\/posts"}],"about":[{"href":"https:\/\/diarioregionaldigital.com.br\/index.php?rest_route=\/wp\/v2\/types\/post"}],"author":[{"embeddable":true,"href":"https:\/\/diarioregionaldigital.com.br\/index.php?rest_route=\/wp\/v2\/users\/96"}],"replies":[{"embeddable":true,"href":"https:\/\/diarioregionaldigital.com.br\/index.php?rest_route=%2Fwp%2Fv2%2Fcomments&post=93866"}],"version-history":[{"count":0,"href":"https:\/\/diarioregionaldigital.com.br\/index.php?rest_route=\/wp\/v2\/posts\/93866\/revisions"}],"wp:featuredmedia":[{"embeddable":true,"href":"https:\/\/diarioregionaldigital.com.br\/index.php?rest_route=\/wp\/v2\/media\/93857"}],"wp:attachment":[{"href":"https:\/\/diarioregionaldigital.com.br\/index.php?rest_route=%2Fwp%2Fv2%2Fmedia&parent=93866"}],"wp:term":[{"taxonomy":"category","embeddable":true,"href":"https:\/\/diarioregionaldigital.com.br\/index.php?rest_route=%2Fwp%2Fv2%2Fcategories&post=93866"},{"taxonomy":"post_tag","embeddable":true,"href":"https:\/\/diarioregionaldigital.com.br\/index.php?rest_route=%2Fwp%2Fv2%2Ftags&post=93866"}],"curies":[{"name":"wp","href":"https:\/\/api.w.org\/{rel}","templated":true}]}}