{"id":93855,"date":"2018-03-14T21:43:23","date_gmt":"2018-03-15T00:43:23","guid":{"rendered":"http:\/\/diarioregionaljf.com.br\/2018\/03\/14\/em-greve-trabalhadores-da-rede-estadual-de-ensino-voltam-as-ruas-para-reivindicar\/"},"modified":"2018-03-14T21:43:23","modified_gmt":"2018-03-15T00:43:23","slug":"em-greve-trabalhadores-da-rede-estadual-de-ensino-voltam-as-ruas-para-reivindicar","status":"publish","type":"post","link":"https:\/\/diarioregionaldigital.com.br\/?p=93855","title":{"rendered":"Em greve, trabalhadores da rede estadual de ensino voltam \u00e0s ruas para reivindicar"},"content":{"rendered":"<p>Em greve desde o dia 8 deste m\u00eas, os trabalhadores da rede estadual de ensino voltaram \u00e0s ruas na tarde dessa quarta-feira, 14, para protestar. A categoria luta pela aplica\u00e7\u00e3o do piso salarial nacional e o cumprimento de outros acordos firmados com o governo do estado. O ato foi realizado na Rua&nbsp;Halfeld, no Centro da cidade.&nbsp;&nbsp;<\/p>\n<p>\u201cEstamos reunidos para pressionar o governo. Ele precisa cumprir o que foi acordado com a gente. Em 2015 ele prometeu pagar o piso salarial nacional, mas n\u00e3o executou. Estamos sem receber os retroativos de&nbsp;2016,&nbsp;2017&nbsp;e 2018. Os reajustes concedidos em janeiro de cada ano tamb\u00e9m n\u00e3o foram pagos. Fora que o nosso pagamento, que vence no 5\u00b0 dia \u00fatil, est\u00e1 sendo pago de forma atrasada, inclusive, neste m\u00eas, ele s\u00f3 foi quitado hoje, 14\u201d, disse&nbsp;a&nbsp;coordenadora do Sindicato&nbsp;\u00danico dos Trabalhadores em Educa\u00e7\u00e3o (Sind-Ute),&nbsp;Vict\u00f3ria Mello.&nbsp;<\/p>\n<p>A falta de repasse de verbas para manuten\u00e7\u00e3o das escolas tamb\u00e9m est\u00e1 na pauta das reivindica\u00e7\u00f5es. \u201cAs escolas enfrentam problemas relacionados \u00e0 falta de merendas. O espa\u00e7o f\u00edsico est\u00e1 sucateado, precisa de reformas e tudo isso impede o funcionamento das escolas\u201d, refor\u00e7ou&nbsp;Vict\u00f3ria. De acordo com ela, mais de 60% da categoria ainda est\u00e1 paralisada. \u201cCansamos de negociar e fazer press\u00e3o, por isso, iniciamos a greve para que o governo nos atenda\u201d, acrescentou.&nbsp;&nbsp;<\/p>\n<p>Segundo a&nbsp;Secretaria de Estado de Educa\u00e7\u00e3o (SEE),&nbsp;at\u00e9 \u00e0s 16 horas de ter\u00e7a-feira, 13.376 escolas informaram que&nbsp;paralisaram parcialmente suas atividades e outras 133 afirmaram que paralisaram&nbsp;totalmente. Um total de 3.461 escolas ainda n\u00e3o&nbsp;havia&nbsp;informado \u00e0 Secretaria se iria aderir ou n\u00e3o \u00e0 greve.&nbsp;<\/p>\n<p>A manuten\u00e7\u00e3o ou o fim da greve vai ser decidida em nova assembleia, marcada para esta quinta-feira, 15, em Belo Horizonte. \u201cO que esperamos \u00e9 que o governo volte a cumprir com o acordo, para que a gente volte a trabalhar. Estamos na expectativa de que tenhamos uma proposta positiva ao final do encontro\u201d, concluiu&nbsp;Vict\u00f3ria.&nbsp;<\/p>\n<p><strong>NOTA ESTADUAL<\/strong><strong>&nbsp;<\/strong><\/p>\n<p>Em nota, a SEE tamb\u00e9m reiterou que tem se reunido com representantes do&nbsp;Sind-Ute para&nbsp;dar andamento \u00e0s negocia\u00e7\u00f5es&nbsp;e cumprir o acordo assinado em&nbsp;2015 em sua totalidade, mas ressaltou as dificuldades \u201cem atender parte&nbsp;das reivindica\u00e7\u00f5es em virtude da prec\u00e1ria situa\u00e7\u00e3o financeira do&nbsp;Estado e das restri\u00e7\u00f5es legais.\u201d&nbsp;A pasta tamb\u00e9m afirmou que assumiu os compromissos de pagar em oito parcelas o saldo da corre\u00e7\u00e3o do Piso&nbsp;<br \/> Nacional de 2016, referente aos meses de janeiro a mar\u00e7o de 2016, a&nbsp;partir de abril de 2018, e que vai retomar as nomea\u00e7\u00f5es de novos servidores para a Educa\u00e7\u00e3o, e dar\u00e1 in\u00edcio \u00e0 implanta\u00e7\u00e3o do Piso Nacional do Magist\u00e9rio.&nbsp;&nbsp;<\/p>\n<p>Em rela\u00e7\u00e3o \u00e0 corre\u00e7\u00e3o dos sal\u00e1rios segundo o \u00edndice de reajuste&nbsp;do Piso Nacional, a&nbsp;SEE tamb\u00e9m disse&nbsp;que &#8220;o governo est\u00e1 impedido de remeter o projeto de lei \u00e0&nbsp;Assembleia Legislativa em virtude de ter ultrapassado o Limite&nbsp;Prudencial de gasto com pessoal previsto na Lei de Responsabilidade&nbsp;Fiscal.&nbsp;Diante da decis\u00e3o de greve,&nbsp;o governo reafirma a disposi\u00e7\u00e3o ao&nbsp;di\u00e1logo para avan\u00e7ar nas negocia\u00e7\u00f5es de modo que a regularidade do&nbsp;ano letivo dos estudantes da rede n\u00e3o seja afetada\u201d, informou o comunicado.<\/p>\n","protected":false},"excerpt":{"rendered":"<p>Em greve desde o dia 8 deste m\u00eas, os trabalhadores da rede estadual de ensino voltaram \u00e0s ruas na tarde dessa quarta-feira, 14, para protestar. A categoria luta pela aplica\u00e7\u00e3o do piso salarial nacional e o cumprimento de outros acordos firmados com o governo do estado. O ato foi realizado na Rua&nbsp;Halfeld, no Centro da [&hellip;]<\/p>\n","protected":false},"author":96,"featured_media":0,"comment_status":"closed","ping_status":"closed","sticky":false,"template":"","format":"standard","meta":{"footnotes":""},"categories":[253],"tags":[],"class_list":["post-93855","post","type-post","status-publish","format-standard","hentry","category-cidade"],"_links":{"self":[{"href":"https:\/\/diarioregionaldigital.com.br\/index.php?rest_route=\/wp\/v2\/posts\/93855","targetHints":{"allow":["GET"]}}],"collection":[{"href":"https:\/\/diarioregionaldigital.com.br\/index.php?rest_route=\/wp\/v2\/posts"}],"about":[{"href":"https:\/\/diarioregionaldigital.com.br\/index.php?rest_route=\/wp\/v2\/types\/post"}],"author":[{"embeddable":true,"href":"https:\/\/diarioregionaldigital.com.br\/index.php?rest_route=\/wp\/v2\/users\/96"}],"replies":[{"embeddable":true,"href":"https:\/\/diarioregionaldigital.com.br\/index.php?rest_route=%2Fwp%2Fv2%2Fcomments&post=93855"}],"version-history":[{"count":0,"href":"https:\/\/diarioregionaldigital.com.br\/index.php?rest_route=\/wp\/v2\/posts\/93855\/revisions"}],"wp:attachment":[{"href":"https:\/\/diarioregionaldigital.com.br\/index.php?rest_route=%2Fwp%2Fv2%2Fmedia&parent=93855"}],"wp:term":[{"taxonomy":"category","embeddable":true,"href":"https:\/\/diarioregionaldigital.com.br\/index.php?rest_route=%2Fwp%2Fv2%2Fcategories&post=93855"},{"taxonomy":"post_tag","embeddable":true,"href":"https:\/\/diarioregionaldigital.com.br\/index.php?rest_route=%2Fwp%2Fv2%2Ftags&post=93855"}],"curies":[{"name":"wp","href":"https:\/\/api.w.org\/{rel}","templated":true}]}}