{"id":93854,"date":"2018-03-14T21:20:35","date_gmt":"2018-03-15T00:20:35","guid":{"rendered":"http:\/\/diarioregionaljf.com.br\/2018\/03\/14\/impacto-de-decisoes-na-area-de-saude-sera-discutido-em-juiz-de-fora\/"},"modified":"2018-03-14T21:20:35","modified_gmt":"2018-03-15T00:20:35","slug":"impacto-de-decisoes-na-area-de-saude-sera-discutido-em-juiz-de-fora","status":"publish","type":"post","link":"https:\/\/diarioregionaldigital.com.br\/?p=93854","title":{"rendered":"Impacto de decis\u00f5es na \u00e1rea de sa\u00fade ser\u00e1 discutido em Juiz de Fora"},"content":{"rendered":"<p>De janeiro a dezembro de 2017, os Juizados Especiais da Comarca de Juiz de Fora receberam nada menos do que 896 processos com pedidos para que a Justi\u00e7a determinasse ao setor p\u00fablico o fornecimento de medicamentos e\/ou tratamentos de sa\u00fade. No mesmo per\u00edodo, 568 pedidos desse tipo foram considerados procedentes. No ano anterior, foram 840 processos distribu\u00eddos, com 380 pedidos atendidos. Para cumprir as determina\u00e7\u00f5es judiciais, o munic\u00edpio gasta anualmente cerca de R$10 milh\u00f5es, parte significativa do repasse do Tesouro Municipal para a sa\u00fade. Essa busca crescente para garantir na Justi\u00e7a, por exemplo, tratamentos, medicamentos e interna\u00e7\u00f5es \u00e9 o tema do II Encontro de Forma\u00e7\u00e3o sobre Direito \u00e0 Sa\u00fade, que ser\u00e1 realizado em Juiz de Fora nesta quinta e sexta-feira, 15 e 16.&nbsp;<\/p>\n<p>Promovido pela Escola Judicial Desembargador Ed\u00e9sio Fernandes (Ejef), o encontro ter\u00e1 diversas palestras, abertas a magistrados, servidores, promotores de justi\u00e7a, advogados, defensores p\u00fablicos, profissionais da \u00e1rea de sa\u00fade, representantes da administra\u00e7\u00e3o p\u00fablica e pessoas da \u00e1rea acad\u00eamica. Em pauta, o grupo vai discutir temas como judicializa\u00e7\u00e3o da sa\u00fade, penalidades pelo descumprimento das ordens judiciais, tratamento oncol\u00f3gico, medicina baseada em evid\u00eancias e diferen\u00e7as entre medicamentos gen\u00e9ricos, de marca e similares.<\/p>\n<h4>&nbsp;<\/h4>\n<h4>T\u00c9CNICAS DE SA\u00daDE<\/h4>\n<p>O coordenador do Comit\u00ea Estadual de Sa\u00fade de Minas Gerais, desembargador Renato Dresch, explica que o Tribunal de Justi\u00e7a de Minas Gerais (TJMG) tem trabalhado de forma permanente para reduzir as demandas de sa\u00fade que chegam \u00e0 Justi\u00e7a e, ao mesmo tempo, para qualificar as decis\u00f5es tomadas. &#8220;\u00c9 importante que os magistrados possam decidir com racionalidade, depois de terem acesso \u00e0s informa\u00e7\u00f5es necess\u00e1rias. Ao proferir uma decis\u00e3o judicial, interferimos no or\u00e7amento e nas t\u00e9cnicas de sa\u00fade&#8221;, afirma.<\/p>\n<p>O desembargador diz que h\u00e1 muitos casos judicializados indevidamente. Por isso, \u00e9 fundamental instrumentalizar os magistrados para as decis\u00f5es. &#8220;Estamos preocupados com essa quest\u00e3o e queremos propiciar cada vez mais a forma\u00e7\u00e3o t\u00e9cnica dos magistrados. O encontro visa esse aperfei\u00e7oamento&#8221;, explica o desembargador Renato Dresch. Ele detalha que as reuni\u00f5es de forma\u00e7\u00e3o v\u00eam sendo feitas de forma regionalizada, o que permite que as peculiaridades de cada localidade sejam levadas em conta. O primeiro encontro foi realizado em Uberl\u00e2ndia. Juiz de Fora foi a segunda regi\u00e3o escolhida por estar entre as maiores demandantes do estado no que diz respeito \u00e0 sa\u00fade.<\/p>\n<h4>&nbsp;<\/h4>\n<h4>GASTOS<\/h4>\n<p>Para compreender a relev\u00e2ncia do assunto, basta ver o impacto das decis\u00f5es judiciais no or\u00e7amento destinado \u00e0 sa\u00fade. Apenas em 2016, o cumprimento das determina\u00e7\u00f5es nessa \u00e1rea consumiu R$287 milh\u00f5es do governo estadual. Segundo o subsecret\u00e1rio de Gest\u00e3o da Secretaria Municipal de Sa\u00fade de Juiz de Fora, Mariano Miranda, na cidade o gasto para cumprir tudo o que a Justi\u00e7a determina em rela\u00e7\u00e3o ao fornecimento de tratamentos e medicamentos corresponde a 14% do valor do repasse do Tesouro Municipal.<\/p>\n<p>&#8220;Esse recurso poderia estar sendo gasto em a\u00e7\u00f5es de aten\u00e7\u00e3o b\u00e1sica \u00e0 sa\u00fade&#8221;, afirma o subsecret\u00e1rio. Mais da metade dos valores \u00e9 usada na compra de medicamentos, e a responsabilidade pelo fornecimento da maior parte deles, segundo Mariano Miranda, n\u00e3o seria do munic\u00edpio.<\/p>\n<p>Na \u00e1rea p\u00fablica, as estat\u00edsticas do TJMG mostram que a Justi\u00e7a comum, na Comarca de Juiz de Fora, recebeu, de janeiro a dezembro de 2016, 386 processos. No mesmo per\u00edodo, 227 pedidos para o fornecimento de medicamentos e\/ou tratamentos m\u00e9dicos foram atendidos. Em 2017, chegaram 253 novos processos. No mesmo per\u00edodo, foram atendidos 83 pedidos. Neste ano, em janeiro e fevereiro, foram distribu\u00eddos 31 processos. Nesses dois meses, 38 pedidos foram julgados procedentes. No Juizado Especial, nos dois meses, foram distribu\u00eddos 68 processos. Nesse per\u00edodo, 52 pedidos foram atendidos.<\/p>\n<h4>&nbsp;<\/h4>\n<h4>ESTAT\u00cdSTICAS<\/h4>\n<p>Em rela\u00e7\u00e3o aos pedidos para o fornecimento de medicamentos e\/ou tratamentos no setor privado, em 2016, foram distribu\u00eddos em Juiz de Fora, na Justi\u00e7a comum, 238 processos. Sessenta e cinco pedidos foram atendidos. No Juizado Especial, no mesmo ano, foram distribu\u00eddos 209 processos. Cento e vinte e sete foram considerados procedentes. Em 2017, foram 31 distribui\u00e7\u00f5es na Justi\u00e7a comum e 39 no Juizado Especial, com 5 e 11 decis\u00f5es favor\u00e1veis, respectivamente. Neste ano, apenas em janeiro e fevereiro, foram distribu\u00eddos 9 processos na Justi\u00e7a comum e 21 no Juizado Especial, com 2 e 3 concess\u00f5es, respectivamente.<\/p>\n<p>As melhores formas de enfrentar esse cen\u00e1rio ser\u00e3o debatidas nas diversas palestras que ser\u00e3o realizadas durante o II Encontro de Forma\u00e7\u00e3o sobre Direito \u00e0 Sa\u00fade. A solenidade de abertura do evento acontece na quinta-feira, \u00e0s 19h, no Museu de Arte Moderna Murilo Mendes, situado na Rua Benjamin Constant, n\u00b0 790, Santa Helena, regi\u00e3o Central. Na sexta, a programa\u00e7\u00e3o come\u00e7a \u00e0s 8h, com palestras agendadas ao longo do dia, e encerramento previsto para as 18h.<\/p>\n<p>Fonte: Assessoria<\/p>\n","protected":false},"excerpt":{"rendered":"<p>De janeiro a dezembro de 2017, os Juizados Especiais da Comarca de Juiz de Fora receberam nada menos do que 896 processos com pedidos para que a Justi\u00e7a determinasse ao setor p\u00fablico o fornecimento de medicamentos e\/ou tratamentos de sa\u00fade. No mesmo per\u00edodo, 568 pedidos desse tipo foram considerados procedentes. No ano anterior, foram 840 [&hellip;]<\/p>\n","protected":false},"author":96,"featured_media":93853,"comment_status":"closed","ping_status":"closed","sticky":false,"template":"","format":"standard","meta":{"footnotes":""},"categories":[253],"tags":[],"class_list":["post-93854","post","type-post","status-publish","format-standard","has-post-thumbnail","hentry","category-cidade"],"_links":{"self":[{"href":"https:\/\/diarioregionaldigital.com.br\/index.php?rest_route=\/wp\/v2\/posts\/93854","targetHints":{"allow":["GET"]}}],"collection":[{"href":"https:\/\/diarioregionaldigital.com.br\/index.php?rest_route=\/wp\/v2\/posts"}],"about":[{"href":"https:\/\/diarioregionaldigital.com.br\/index.php?rest_route=\/wp\/v2\/types\/post"}],"author":[{"embeddable":true,"href":"https:\/\/diarioregionaldigital.com.br\/index.php?rest_route=\/wp\/v2\/users\/96"}],"replies":[{"embeddable":true,"href":"https:\/\/diarioregionaldigital.com.br\/index.php?rest_route=%2Fwp%2Fv2%2Fcomments&post=93854"}],"version-history":[{"count":0,"href":"https:\/\/diarioregionaldigital.com.br\/index.php?rest_route=\/wp\/v2\/posts\/93854\/revisions"}],"wp:featuredmedia":[{"embeddable":true,"href":"https:\/\/diarioregionaldigital.com.br\/index.php?rest_route=\/wp\/v2\/media\/93853"}],"wp:attachment":[{"href":"https:\/\/diarioregionaldigital.com.br\/index.php?rest_route=%2Fwp%2Fv2%2Fmedia&parent=93854"}],"wp:term":[{"taxonomy":"category","embeddable":true,"href":"https:\/\/diarioregionaldigital.com.br\/index.php?rest_route=%2Fwp%2Fv2%2Fcategories&post=93854"},{"taxonomy":"post_tag","embeddable":true,"href":"https:\/\/diarioregionaldigital.com.br\/index.php?rest_route=%2Fwp%2Fv2%2Ftags&post=93854"}],"curies":[{"name":"wp","href":"https:\/\/api.w.org\/{rel}","templated":true}]}}