{"id":93852,"date":"2018-03-14T21:02:34","date_gmt":"2018-03-15T00:02:34","guid":{"rendered":"http:\/\/diarioregionaljf.com.br\/2018\/03\/14\/idoso-de-84-anos-e-amarrado-e-amordacado-durante-assalto-em-apartamento\/"},"modified":"2018-03-14T21:02:34","modified_gmt":"2018-03-15T00:02:34","slug":"idoso-de-84-anos-e-amarrado-e-amordacado-durante-assalto-em-apartamento","status":"publish","type":"post","link":"https:\/\/diarioregionaldigital.com.br\/?p=93852","title":{"rendered":"Idoso de 84 anos \u00e9 amarrado e amorda\u00e7ado durante assalto em apartamento"},"content":{"rendered":"<p>Um idoso de 84 anos foi feito ref\u00e9m durante assalto em seu apartamento nessa quarta-feira, 17. Conforme informa\u00e7\u00f5es da Pol\u00edcia Militar, tr\u00eas homens, um deles armado de rev\u00f3lver, entraram no local, situado na Rua dos Artista, no bairro Morro da Gl\u00f3ria, regi\u00e3o Central, ap\u00f3s dizerem a v\u00edtima que ela precisava assinar um contrato.<\/p>\n<p>O idoso acreditou nos homens e permitiu o acesso deles ao apartamento, que fica no primeiro andar do pr\u00e9dio. Em seguida, o trio amarrou e amorda\u00e7ou a v\u00edtima. Eles reviraram o im\u00f3vel e roubaram R$16 mil e um rel\u00f3gio de pulso, avaliado em R$1 mil.<\/p>\n<p>Os autores fugiram e ainda n\u00e3o foram localizados.<\/p>\n","protected":false},"excerpt":{"rendered":"<p>Um idoso de 84 anos foi feito ref\u00e9m durante assalto em seu apartamento nessa quarta-feira, 17. Conforme informa\u00e7\u00f5es da Pol\u00edcia Militar, tr\u00eas homens, um deles armado de rev\u00f3lver, entraram no local, situado na Rua dos Artista, no bairro Morro da Gl\u00f3ria, regi\u00e3o Central, ap\u00f3s dizerem a v\u00edtima que ela precisava assinar um contrato. O idoso [&hellip;]<\/p>\n","protected":false},"author":96,"featured_media":93851,"comment_status":"closed","ping_status":"closed","sticky":false,"template":"","format":"standard","meta":{"footnotes":""},"categories":[301],"tags":[],"class_list":["post-93852","post","type-post","status-publish","format-standard","has-post-thumbnail","hentry","category-artigos-policiais"],"_links":{"self":[{"href":"https:\/\/diarioregionaldigital.com.br\/index.php?rest_route=\/wp\/v2\/posts\/93852","targetHints":{"allow":["GET"]}}],"collection":[{"href":"https:\/\/diarioregionaldigital.com.br\/index.php?rest_route=\/wp\/v2\/posts"}],"about":[{"href":"https:\/\/diarioregionaldigital.com.br\/index.php?rest_route=\/wp\/v2\/types\/post"}],"author":[{"embeddable":true,"href":"https:\/\/diarioregionaldigital.com.br\/index.php?rest_route=\/wp\/v2\/users\/96"}],"replies":[{"embeddable":true,"href":"https:\/\/diarioregionaldigital.com.br\/index.php?rest_route=%2Fwp%2Fv2%2Fcomments&post=93852"}],"version-history":[{"count":0,"href":"https:\/\/diarioregionaldigital.com.br\/index.php?rest_route=\/wp\/v2\/posts\/93852\/revisions"}],"wp:featuredmedia":[{"embeddable":true,"href":"https:\/\/diarioregionaldigital.com.br\/index.php?rest_route=\/wp\/v2\/media\/93851"}],"wp:attachment":[{"href":"https:\/\/diarioregionaldigital.com.br\/index.php?rest_route=%2Fwp%2Fv2%2Fmedia&parent=93852"}],"wp:term":[{"taxonomy":"category","embeddable":true,"href":"https:\/\/diarioregionaldigital.com.br\/index.php?rest_route=%2Fwp%2Fv2%2Fcategories&post=93852"},{"taxonomy":"post_tag","embeddable":true,"href":"https:\/\/diarioregionaldigital.com.br\/index.php?rest_route=%2Fwp%2Fv2%2Ftags&post=93852"}],"curies":[{"name":"wp","href":"https:\/\/api.w.org\/{rel}","templated":true}]}}