{"id":93848,"date":"2018-03-14T20:24:45","date_gmt":"2018-03-14T23:24:45","guid":{"rendered":"http:\/\/diarioregionaljf.com.br\/2018\/03\/14\/justica-federal-marca-para-junho-depoimento-de-lula-em-caso-de-cacas-suecos\/"},"modified":"2018-03-14T20:24:45","modified_gmt":"2018-03-14T23:24:45","slug":"justica-federal-marca-para-junho-depoimento-de-lula-em-caso-de-cacas-suecos","status":"publish","type":"post","link":"https:\/\/diarioregionaldigital.com.br\/?p=93848","title":{"rendered":"Justi\u00e7a Federal marca para junho depoimento de Lula em caso de ca\u00e7as suecos"},"content":{"rendered":"<p>O juiz Vallisney de Souza Oliveira, da 10\u00aa Vara Federal de Bras\u00edlia, remarcou para o dia 21 de junho o depoimento do ex-presidente Luiz In\u00e1cio Lula da Silva na a\u00e7\u00e3o em que ele \u00e9 r\u00e9u com seu filho Lu\u00eds Cl\u00e1udio Lula da Silva, acusados de participar de um esquema para favorecer a empresa Saab na venda de 36 ca\u00e7as ao Brasil.<\/p>\n<p>O depoimento estava prevista para ocorrer no dia 20 de fevereiro, mas acabou suspenso pelo desembargador N\u00e9viton Guedes, do Tribunal Regional Federal da 1\u00aa Regi\u00e3o (TRF1), que acatou pedido da defesa para que se aguardasse a oitiva de testemunhas que moram fora do pa\u00eds, no prazo m\u00e1ximo de quatro meses.<\/p>\n<p>Vallisney Oliveira, respons\u00e1vel pelo caso na primeira inst\u00e2ncia, resolveu agora marcar os depoimentos de Lula, de seu filho e dos empres\u00e1rios Mauro Marcondes Machado e Cristina Mautoni Marcondes Machado, tamb\u00e9m r\u00e9us, para a manh\u00e3 do dia seguinte ao encerramento do prazo estipulado pelo TRF1.<\/p>\n<p>Na a\u00e7\u00e3o penal, Lula e seu filho foram investigados na Opera\u00e7\u00e3o Zelotes, da Pol\u00edcia Federal, e foram denunciados pelos crimes de tr\u00e1fico de influ\u00eancia, lavagem de dinheiro e organiza\u00e7\u00e3o criminosa, sob a acusa\u00e7\u00e3o de integrarem um esquema que vendia promessa de interfer\u00eancia no governo federal para beneficiar empresas.<\/p>\n<p>De acordo com a den\u00fancia, Lula, seu filho e os consultores Mauro Marcondes e Cristina Mautoni participaram de negocia\u00e7\u00f5es irregulares no contrato de compra dos ca\u00e7as suecos Gripen e na prorroga\u00e7\u00e3o de incentivos fiscais para montadoras de ve\u00edculos em uma medida provis\u00f3ria. Segundo o MPF, Lu\u00eds Cl\u00e1udio recebeu R$2,5 milh\u00f5es da empresa dos consultores.<\/p>\n<p>A defesa do ex-presidente sustenta que Lula e seu filho n\u00e3o participaram ou tiveram conhecimento dos atos de compra dos ca\u00e7as suecos. Segundo os advogados, a investiga\u00e7\u00e3o tramitou no Minist\u00e9rio P\u00fablico de forma oculta e sem acesso \u00e0 defesa.<\/p>\n<p>Fonte: Ag\u00eancia Brasil<\/p>\n","protected":false},"excerpt":{"rendered":"<p>O juiz Vallisney de Souza Oliveira, da 10\u00aa Vara Federal de Bras\u00edlia, remarcou para o dia 21 de junho o depoimento do ex-presidente Luiz In\u00e1cio Lula da Silva na a\u00e7\u00e3o em que ele \u00e9 r\u00e9u com seu filho Lu\u00eds Cl\u00e1udio Lula da Silva, acusados de participar de um esquema para favorecer a empresa Saab na [&hellip;]<\/p>\n","protected":false},"author":96,"featured_media":93847,"comment_status":"closed","ping_status":"closed","sticky":false,"template":"","format":"standard","meta":{"footnotes":""},"categories":[254],"tags":[],"class_list":["post-93848","post","type-post","status-publish","format-standard","has-post-thumbnail","hentry","category-politica"],"_links":{"self":[{"href":"https:\/\/diarioregionaldigital.com.br\/index.php?rest_route=\/wp\/v2\/posts\/93848","targetHints":{"allow":["GET"]}}],"collection":[{"href":"https:\/\/diarioregionaldigital.com.br\/index.php?rest_route=\/wp\/v2\/posts"}],"about":[{"href":"https:\/\/diarioregionaldigital.com.br\/index.php?rest_route=\/wp\/v2\/types\/post"}],"author":[{"embeddable":true,"href":"https:\/\/diarioregionaldigital.com.br\/index.php?rest_route=\/wp\/v2\/users\/96"}],"replies":[{"embeddable":true,"href":"https:\/\/diarioregionaldigital.com.br\/index.php?rest_route=%2Fwp%2Fv2%2Fcomments&post=93848"}],"version-history":[{"count":0,"href":"https:\/\/diarioregionaldigital.com.br\/index.php?rest_route=\/wp\/v2\/posts\/93848\/revisions"}],"wp:featuredmedia":[{"embeddable":true,"href":"https:\/\/diarioregionaldigital.com.br\/index.php?rest_route=\/wp\/v2\/media\/93847"}],"wp:attachment":[{"href":"https:\/\/diarioregionaldigital.com.br\/index.php?rest_route=%2Fwp%2Fv2%2Fmedia&parent=93848"}],"wp:term":[{"taxonomy":"category","embeddable":true,"href":"https:\/\/diarioregionaldigital.com.br\/index.php?rest_route=%2Fwp%2Fv2%2Fcategories&post=93848"},{"taxonomy":"post_tag","embeddable":true,"href":"https:\/\/diarioregionaldigital.com.br\/index.php?rest_route=%2Fwp%2Fv2%2Ftags&post=93848"}],"curies":[{"name":"wp","href":"https:\/\/api.w.org\/{rel}","templated":true}]}}