{"id":93846,"date":"2018-03-14T20:20:33","date_gmt":"2018-03-14T23:20:33","guid":{"rendered":"http:\/\/diarioregionaljf.com.br\/2018\/03\/14\/camara-cria-canal-de-comunicacao-para-discutir-renovacao-da-concessao-da-mrs-logistica\/"},"modified":"2018-03-14T20:20:33","modified_gmt":"2018-03-14T23:20:33","slug":"camara-cria-canal-de-comunicacao-para-discutir-renovacao-da-concessao-da-mrs-logistica","status":"publish","type":"post","link":"https:\/\/diarioregionaldigital.com.br\/?p=93846","title":{"rendered":"C\u00e2mara cria canal de comunica\u00e7\u00e3o para discutir renova\u00e7\u00e3o da concess\u00e3o da MRS Log\u00edstica"},"content":{"rendered":"<p>A Comiss\u00e3o Permanente de Urbanismo, Transporte, Tr\u00e2nsito, Meio Ambiente e Acessibilidade da C\u00e2mara criou o e-mail participecomissaourbanismo@camarajf.mg.gov.br para que a popula\u00e7\u00e3o possa enviar, cr\u00edticas, d\u00favidas, sugest\u00f5es e\/ou contribuir de outras formas no debate acerca da renova\u00e7\u00e3o da concess\u00e3o da MRS Log\u00edstica. A empresa \u00e9 detentora da atual concess\u00e3o para explora\u00e7\u00e3o da linha f\u00e9rrea que passa pelo munic\u00edpio de Juiz de Fora.<\/p>\n<p>\u201cA C\u00e2mara quer ampliar a participa\u00e7\u00e3o da popula\u00e7\u00e3o neste debate. Em breve, ser\u00e1 agendada uma audi\u00eancia p\u00fablica para debater o assunto\u201d, afirma o presidente da Comiss\u00e3o, vereador Z\u00e9 M\u00e1rcio Garotinho (PV).<\/p>\n<h4>&nbsp;<\/h4>\n<h4>VISITA A MRS<\/h4>\n<p>No dia 20 de fevereiro, a diretoria da MRS e os vereadores Andr\u00e9 Mariano (PSC), Vagner de Oliveira (PSC), Z\u00e9 M\u00e1rcio (PV), Pardal (PTC), Kennedy Ribeiro (MDB), Mello Casal (PTB), al\u00e9m do deputado estadual Noraldino J\u00fanior (PSC) se reuniram para discutir, entre outros assuntos, a renova\u00e7\u00e3o da concess\u00e3o da empresa.<\/p>\n<p>Atualmente, a MRS possui um contrato de concess\u00e3o v\u00e1lido at\u00e9 o ano de 2026 em Juiz de Fora e busca uma repactua\u00e7\u00e3o dos contratos de concess\u00e3o com o objetivo de inaugurar um novo ciclo de investimentos nas ferrovias de carga do pa\u00eds. Em rela\u00e7\u00e3o a este processo de renova\u00e7\u00e3o da concess\u00e3o, a proposta de investimento ainda est\u00e1 em an\u00e1lise pela Ag\u00eancia Nacional de Transportes Terrestres (ANTT), \u00f3rg\u00e3o regulador e respons\u00e1vel pela condu\u00e7\u00e3o do processo.<\/p>\n<p>Paralelamente ao tema relacionado a renova\u00e7\u00e3o da concess\u00e3o da empresa na cidade, os parlamentares buscaram entender quais ser\u00e3o os benef\u00edcios que esta repactua\u00e7\u00e3o de contratos pode trazer para Juiz de Fora, acerca de novos investimentos. Segundo a empresa, j\u00e1 existe um Plano de Neg\u00f3cios da companhia que cont\u00e9m, entre outros detalhes, todos os investimentos previstos para os pr\u00f3ximos anos para que seja poss\u00edvel dar continuidade \u00e0 melhoria dos \u00edndices de seguran\u00e7a e fluidez de tr\u00e1fego. No entanto, este Plano de Neg\u00f3cios ainda est\u00e1 sendo avaliado pela ANTT e, por isso, a empresa ainda n\u00e3o pode dar muitos detalhes, neste momento.<\/p>\n<p>Outro tema abordado foi em rela\u00e7\u00e3o a implementa\u00e7\u00e3o de uma ciclovia na cidade com o aux\u00edlio da MRS em sua constru\u00e7\u00e3o. Esta pauta j\u00e1 vinha sendo discutida em outros encontros, por meio do vereador Andr\u00e9 Mariano.<\/p>\n<p>Fonte: Assessoria<\/p>\n","protected":false},"excerpt":{"rendered":"<p>A Comiss\u00e3o Permanente de Urbanismo, Transporte, Tr\u00e2nsito, Meio Ambiente e Acessibilidade da C\u00e2mara criou o e-mail participecomissaourbanismo@camarajf.mg.gov.br para que a popula\u00e7\u00e3o possa enviar, cr\u00edticas, d\u00favidas, sugest\u00f5es e\/ou contribuir de outras formas no debate acerca da renova\u00e7\u00e3o da concess\u00e3o da MRS Log\u00edstica. A empresa \u00e9 detentora da atual concess\u00e3o para explora\u00e7\u00e3o da linha f\u00e9rrea que passa [&hellip;]<\/p>\n","protected":false},"author":96,"featured_media":93845,"comment_status":"closed","ping_status":"closed","sticky":false,"template":"","format":"standard","meta":{"footnotes":""},"categories":[254],"tags":[],"class_list":["post-93846","post","type-post","status-publish","format-standard","has-post-thumbnail","hentry","category-politica"],"_links":{"self":[{"href":"https:\/\/diarioregionaldigital.com.br\/index.php?rest_route=\/wp\/v2\/posts\/93846","targetHints":{"allow":["GET"]}}],"collection":[{"href":"https:\/\/diarioregionaldigital.com.br\/index.php?rest_route=\/wp\/v2\/posts"}],"about":[{"href":"https:\/\/diarioregionaldigital.com.br\/index.php?rest_route=\/wp\/v2\/types\/post"}],"author":[{"embeddable":true,"href":"https:\/\/diarioregionaldigital.com.br\/index.php?rest_route=\/wp\/v2\/users\/96"}],"replies":[{"embeddable":true,"href":"https:\/\/diarioregionaldigital.com.br\/index.php?rest_route=%2Fwp%2Fv2%2Fcomments&post=93846"}],"version-history":[{"count":0,"href":"https:\/\/diarioregionaldigital.com.br\/index.php?rest_route=\/wp\/v2\/posts\/93846\/revisions"}],"wp:featuredmedia":[{"embeddable":true,"href":"https:\/\/diarioregionaldigital.com.br\/index.php?rest_route=\/wp\/v2\/media\/93845"}],"wp:attachment":[{"href":"https:\/\/diarioregionaldigital.com.br\/index.php?rest_route=%2Fwp%2Fv2%2Fmedia&parent=93846"}],"wp:term":[{"taxonomy":"category","embeddable":true,"href":"https:\/\/diarioregionaldigital.com.br\/index.php?rest_route=%2Fwp%2Fv2%2Fcategories&post=93846"},{"taxonomy":"post_tag","embeddable":true,"href":"https:\/\/diarioregionaldigital.com.br\/index.php?rest_route=%2Fwp%2Fv2%2Ftags&post=93846"}],"curies":[{"name":"wp","href":"https:\/\/api.w.org\/{rel}","templated":true}]}}