{"id":93842,"date":"2018-03-14T19:20:30","date_gmt":"2018-03-14T22:20:30","guid":{"rendered":"http:\/\/diarioregionaljf.com.br\/2018\/03\/14\/aeroporto-da-serrinha-e-tema-de-reuniao-entre-prefeitura-amd-services-e-decea\/"},"modified":"2018-03-14T19:20:30","modified_gmt":"2018-03-14T22:20:30","slug":"aeroporto-da-serrinha-e-tema-de-reuniao-entre-prefeitura-amd-services-e-decea","status":"publish","type":"post","link":"https:\/\/diarioregionaldigital.com.br\/?p=93842","title":{"rendered":"Aeroporto da Serrinha \u00e9 tema de reuni\u00e3o entre Prefeitura, AMD Services e Decea"},"content":{"rendered":"<p>O Aeroporto Municipal Francisco \u00c1lvares de Assis, conhecido como Aeroporto da Serrinha, foi pauta de reuni\u00e3o no Departamento de Controle do Espa\u00e7o A\u00e9reo (Decea), realizada na manh\u00e3 dessa ter\u00e7a-feira, 13, no Rio de Janeiro. O encontro contou com a presen\u00e7a do secret\u00e1rio de Desenvolvimento Econ\u00f4mico, Trabalho e Turismo, Jo\u00e3o de Matos, do assessor da pasta, Marcos Miranda, e dos representantes da AMD Services, administradora do terminal, Marco Roberto Nicolau e Luiz Fernando Rosa.<\/p>\n<p>Eles foram recebidos pelo chefe do Subdepartamento de Opera\u00e7\u00f5es do Decea, brigadeiro do ar Ary Rodrigues Bertolino, para tratar de assuntos referentes aos equipamentos de aux\u00edlio \u00e0 navega\u00e7\u00e3o a\u00e9rea instalados no s\u00edtio aeroportu\u00e1rio, al\u00e9m do interc\u00e2mbio t\u00e9cnico para a constante atualiza\u00e7\u00e3o dos conhecimentos dos profissionais da empresa.<\/p>\n<p>De acordo com o secret\u00e1rio, o Decea se mostrou aberto a apoiar os aeroportos de pequeno porte em todo o territ\u00f3rio nacional. \u201cEncaminharemos um of\u00edcio ao brigadeiro, detalhando todas as demandas discutidas na reuni\u00e3o. A abertura deste canal de interlocu\u00e7\u00e3o \u00e9 importante, e estreita a rela\u00e7\u00e3o institucional entre o munic\u00edpio e o Decea\u201d, destacou.<\/p>\n<p>No mesmo dia, os representantes da Prefeitura de Juiz de Fora (PJF) e AMD Services realizaram visita t\u00e9cnica \u00e0 empresa que fornecer\u00e1 os equipamentos da esta\u00e7\u00e3o Meteorol\u00f3gica de Superf\u00edcie digital que ser\u00e1 instalada no Serrinha. \u201cO contrato ser\u00e1 assinado em breve. Juiz de Fora ter\u00e1 uma das mais modernas esta\u00e7\u00f5es para suporte de navega\u00e7\u00e3o a\u00e9rea em aeroportos deste porte\u201d, ressaltou Matos.&nbsp;<\/p>\n<p>Fonte: Assessoria<\/p>\n","protected":false},"excerpt":{"rendered":"<p>O Aeroporto Municipal Francisco \u00c1lvares de Assis, conhecido como Aeroporto da Serrinha, foi pauta de reuni\u00e3o no Departamento de Controle do Espa\u00e7o A\u00e9reo (Decea), realizada na manh\u00e3 dessa ter\u00e7a-feira, 13, no Rio de Janeiro. O encontro contou com a presen\u00e7a do secret\u00e1rio de Desenvolvimento Econ\u00f4mico, Trabalho e Turismo, Jo\u00e3o de Matos, do assessor da pasta, [&hellip;]<\/p>\n","protected":false},"author":96,"featured_media":93841,"comment_status":"closed","ping_status":"closed","sticky":false,"template":"","format":"standard","meta":{"footnotes":""},"categories":[253],"tags":[],"class_list":["post-93842","post","type-post","status-publish","format-standard","has-post-thumbnail","hentry","category-cidade"],"_links":{"self":[{"href":"https:\/\/diarioregionaldigital.com.br\/index.php?rest_route=\/wp\/v2\/posts\/93842","targetHints":{"allow":["GET"]}}],"collection":[{"href":"https:\/\/diarioregionaldigital.com.br\/index.php?rest_route=\/wp\/v2\/posts"}],"about":[{"href":"https:\/\/diarioregionaldigital.com.br\/index.php?rest_route=\/wp\/v2\/types\/post"}],"author":[{"embeddable":true,"href":"https:\/\/diarioregionaldigital.com.br\/index.php?rest_route=\/wp\/v2\/users\/96"}],"replies":[{"embeddable":true,"href":"https:\/\/diarioregionaldigital.com.br\/index.php?rest_route=%2Fwp%2Fv2%2Fcomments&post=93842"}],"version-history":[{"count":0,"href":"https:\/\/diarioregionaldigital.com.br\/index.php?rest_route=\/wp\/v2\/posts\/93842\/revisions"}],"wp:featuredmedia":[{"embeddable":true,"href":"https:\/\/diarioregionaldigital.com.br\/index.php?rest_route=\/wp\/v2\/media\/93841"}],"wp:attachment":[{"href":"https:\/\/diarioregionaldigital.com.br\/index.php?rest_route=%2Fwp%2Fv2%2Fmedia&parent=93842"}],"wp:term":[{"taxonomy":"category","embeddable":true,"href":"https:\/\/diarioregionaldigital.com.br\/index.php?rest_route=%2Fwp%2Fv2%2Fcategories&post=93842"},{"taxonomy":"post_tag","embeddable":true,"href":"https:\/\/diarioregionaldigital.com.br\/index.php?rest_route=%2Fwp%2Fv2%2Ftags&post=93842"}],"curies":[{"name":"wp","href":"https:\/\/api.w.org\/{rel}","templated":true}]}}