{"id":93840,"date":"2018-03-14T18:56:32","date_gmt":"2018-03-14T21:56:32","guid":{"rendered":"http:\/\/diarioregionaljf.com.br\/2018\/03\/14\/financiamento-coletivo-para-a-cultura-pronto-para-o-plenario\/"},"modified":"2018-03-14T18:56:32","modified_gmt":"2018-03-14T21:56:32","slug":"financiamento-coletivo-para-a-cultura-pronto-para-o-plenario","status":"publish","type":"post","link":"https:\/\/diarioregionaldigital.com.br\/?p=93840","title":{"rendered":"Financiamento coletivo para a cultura pronto para o Plen\u00e1rio"},"content":{"rendered":"<p>A Comiss\u00e3o de Fiscaliza\u00e7\u00e3o Financeira e Or\u00e7ament\u00e1ria da Assembleia Legislativa de Minas Gerais (ALMG) aprovou nessa quarta-feira, 14, parecer de 1\u00ba turno favor\u00e1vel ao Projeto de Lei (PL) 2.229\/15. A mat\u00e9ria inclui como uma das medidas da pol\u00edtica cultural do Estado a promo\u00e7\u00e3o de mecanismos colaborativos de financiamento de projetos.<\/p>\n<p>De autoria do deputado Agostinho Patrus Filho (PV), o projeto tem o objetivo de diversificar formas de capta\u00e7\u00e3o de recursos para viabilizar eventos culturais, estimulando o crowdfunding (financiamento coletivo). A iniciativa se popularizou ao redor do mundo sobretudo impulsionada por sites especializados na chamada \u201cvaquinha virtual\u201d.<\/p>\n<p>O relator, deputado C\u00e1ssio Soares (PSD), opinou pela aprova\u00e7\u00e3o do projeto em sua forma original. Em seu parecer, ele destacou que, do ponto de vista financeiro e or\u00e7ament\u00e1rio, a implementa\u00e7\u00e3o da medida n\u00e3o implica despesa para o er\u00e1rio.<\/p>\n<p>Ele tamb\u00e9m ressaltou pontos do parecer da Comiss\u00e3o de Cultura, mencionando que ela apoiou o m\u00e9rito do projeto, tendo em vista que formas tradicionais de financiamento t\u00eam se mostrando insuficientes e que o avan\u00e7o da internet e das redes sociais t\u00eam estimulado novas formas de apoio a ideias e projetos.<\/p>\n<p>O projeto insere a al\u00ednea &#8220;c&#8221; ao inciso II do artigo 59 da Lei 11.726, de 1994, que disp\u00f5e sobre a pol\u00edtica cultural do Estado. Assim, conforme o novo dispositivo, promover a implanta\u00e7\u00e3o de mecanismos colaborativos de financiamento coletivo passa a figurar entre medidas do Estado para dinamizar eventos culturais, no \u00e2mbito das a\u00e7\u00f5es voltadas para a sociedade.<\/p>\n<p>Fonte: Assessoria<\/p>\n","protected":false},"excerpt":{"rendered":"<p>A Comiss\u00e3o de Fiscaliza\u00e7\u00e3o Financeira e Or\u00e7ament\u00e1ria da Assembleia Legislativa de Minas Gerais (ALMG) aprovou nessa quarta-feira, 14, parecer de 1\u00ba turno favor\u00e1vel ao Projeto de Lei (PL) 2.229\/15. A mat\u00e9ria inclui como uma das medidas da pol\u00edtica cultural do Estado a promo\u00e7\u00e3o de mecanismos colaborativos de financiamento de projetos. De autoria do deputado Agostinho [&hellip;]<\/p>\n","protected":false},"author":96,"featured_media":93839,"comment_status":"closed","ping_status":"closed","sticky":false,"template":"","format":"standard","meta":{"footnotes":""},"categories":[254],"tags":[],"class_list":["post-93840","post","type-post","status-publish","format-standard","has-post-thumbnail","hentry","category-politica"],"_links":{"self":[{"href":"https:\/\/diarioregionaldigital.com.br\/index.php?rest_route=\/wp\/v2\/posts\/93840","targetHints":{"allow":["GET"]}}],"collection":[{"href":"https:\/\/diarioregionaldigital.com.br\/index.php?rest_route=\/wp\/v2\/posts"}],"about":[{"href":"https:\/\/diarioregionaldigital.com.br\/index.php?rest_route=\/wp\/v2\/types\/post"}],"author":[{"embeddable":true,"href":"https:\/\/diarioregionaldigital.com.br\/index.php?rest_route=\/wp\/v2\/users\/96"}],"replies":[{"embeddable":true,"href":"https:\/\/diarioregionaldigital.com.br\/index.php?rest_route=%2Fwp%2Fv2%2Fcomments&post=93840"}],"version-history":[{"count":0,"href":"https:\/\/diarioregionaldigital.com.br\/index.php?rest_route=\/wp\/v2\/posts\/93840\/revisions"}],"wp:featuredmedia":[{"embeddable":true,"href":"https:\/\/diarioregionaldigital.com.br\/index.php?rest_route=\/wp\/v2\/media\/93839"}],"wp:attachment":[{"href":"https:\/\/diarioregionaldigital.com.br\/index.php?rest_route=%2Fwp%2Fv2%2Fmedia&parent=93840"}],"wp:term":[{"taxonomy":"category","embeddable":true,"href":"https:\/\/diarioregionaldigital.com.br\/index.php?rest_route=%2Fwp%2Fv2%2Fcategories&post=93840"},{"taxonomy":"post_tag","embeddable":true,"href":"https:\/\/diarioregionaldigital.com.br\/index.php?rest_route=%2Fwp%2Fv2%2Ftags&post=93840"}],"curies":[{"name":"wp","href":"https:\/\/api.w.org\/{rel}","templated":true}]}}