{"id":93838,"date":"2018-03-14T18:53:53","date_gmt":"2018-03-14T21:53:53","guid":{"rendered":"http:\/\/diarioregionaljf.com.br\/2018\/03\/14\/aedes-do-bem-ja-liberou-mais-de-20-milhoes-de-mosquitos-em-juiz-de-fora\/"},"modified":"2018-03-14T18:53:53","modified_gmt":"2018-03-14T21:53:53","slug":"aedes-do-bem-ja-liberou-mais-de-20-milhoes-de-mosquitos-em-juiz-de-fora","status":"publish","type":"post","link":"https:\/\/diarioregionaldigital.com.br\/?p=93838","title":{"rendered":"Aedes do Bem j\u00e1 liberou mais de 20 milh\u00f5es de mosquitos em Juiz de Fora"},"content":{"rendered":"<p>Instalada em Juiz de Fora, desde o dia 15 de janeiro deste ano, a unidade m\u00f3vel de produ\u00e7\u00e3o de Aedes aegypti geneticamente modificados vem produzindo e lan\u00e7ando dois milh\u00f5es de mosquitos, semanalmente, em tr\u00eas bairros da cidade.<\/p>\n<p>Os chamados Aedes do Bem, n\u00e3o picam, n\u00e3o transmitem nenhuma doen\u00e7a e, pelo contr\u00e1rio, colaboram com o controle e a redu\u00e7\u00e3o de mosquitos f\u00eamea selvagens, os verdadeiros respons\u00e1veis pela transmiss\u00e3o da Dengue. A unidade de Juiz de Fora \u00e9 a primeira unidade m\u00f3vel de produ\u00e7\u00f5es de mosquitos Aedes no mundo.<\/p>\n<p>Nessa quarta-feira, 14, a equipe do Di\u00e1rio Regional pode visitar e acompanhar como funciona a unidade, que se encontra instalada no bairro Santa Cruz, zona Norte da cidade. Durante a visita, Karla Tepedino, gerente de Produ\u00e7\u00e3o e Distribui\u00e7\u00e3o da Oxitec Brasil, empresa respons\u00e1vel pelo Aedes do Bem, explicou todas as fases do processo, desde a chegada dos ovos de mosquito at\u00e9 a libera\u00e7\u00e3o no meio ambiente.<\/p>\n<p>O mosquito Aedes modificado foi criado na Inglaterra no ano de 2002. Ele chegou ao Brasil j\u00e1 modificado e aqui n\u00e3o precisou passar por nenhuma outra altera\u00e7\u00e3o gen\u00e9tica. Karla explica que \u201cbasicamente dois genes foram mudados. Um que produz uma fluoresc\u00eancia na larva do mosquito, permitindo assim, a empresa e os agentes de sa\u00fade a identificarem quais delas s\u00e3o as do Aedes do Bem e quais n\u00e3o s\u00e3o. E o outro, um gene autolimitante que faz o Aedes produzir uma prote\u00edna em excesso. Essa prote\u00edna n\u00e3o possui nenhuma utilidade para o mosquito, entretanto, n\u00e3o para de ser produzida. Assim, com o passar do tempo, a sua produ\u00e7\u00e3o em excesso mata o Aedes.\u201d<\/p>\n<p>Dentro da unidade, os mosquitos recebem um ant\u00eddoto que paralisa a produ\u00e7\u00e3o dessa subst\u00e2ncia por alguns dias e permite o inseto viver por mais tempo. Tepedino esclarece que \u201co Aedes ent\u00e3o, quando liberado, busca por f\u00eameas, copulam com elas e seus descentes nascem com o mesmo gene que os for\u00e7am a produzir a tal prote\u00edna, sem parar at\u00e9 morrerem. Como os novos mosquitos n\u00e3o ter\u00e3o acesso ao ant\u00eddoto, dentro de tr\u00eas a quatro vir\u00e3o a morrer. Os machos que receberam o ant\u00eddoto dentro da unidade tamb\u00e9m morrem dentro do mesmo prazo, pois o produto \u00e9 fotossens\u00edvel e quando exposto a luz \u00e9 eliminado.\u201d conclui.<\/p>\n<p>Vale refor\u00e7ar que esse dispositivo tamb\u00e9m impede que, por exemplo, em caso de um vazamento do ant\u00eddoto na natureza, os mosquitos criem resist\u00eancia, pois neste caso a subst\u00e2ncia tamb\u00e9m seria eliminada naturalmente.<\/p>\n<h4>&nbsp;<\/h4>\n<h4>O PROCESSO<\/h4>\n<p>A unidade b\u00e1sica instalada em Juiz de Fora, recebe os ovos do Aedes aegypti diretamente da cidade de Piracicaba-SP. Eles s\u00e3o eclodidos dentro da unidade local atrav\u00e9s de um processo a v\u00e1cuo. As larvas saem dos ovos, s\u00e3o separadas em grupos de 10 mil e colocadas em uma sala de cria\u00e7\u00e3o a 28\u00b0C. Cada um destes grupos ser\u00e1 alimentado com uma dosagem exata de ra\u00e7\u00e3o de peixe. Atrav\u00e9s do processo correto de alimenta\u00e7\u00e3o a f\u00eamea crescer\u00e1 mais que o macho e assim poder\u00e1 ser identificada e eliminada. Os machos s\u00e3o colocados em um recipiente, durante tr\u00eas dias, onde concluir\u00e3o seu crescimento para logo depois serem liberados no ambiente. Todas as f\u00eameas s\u00e3o eliminadas ao fim do processo.<\/p>\n<p>Karla Tepedino destaca a funcionalidade do Aedes do Bem ao refor\u00e7ar que \u201co uso de inseticidas vai at\u00e9 as larvas, enquanto que o macho modificado geneticamente vai diretamente at\u00e9 a f\u00eamea, debaixo de mesas, dentro de arm\u00e1rios, enfim, no interior das resid\u00eancias.\u201d<\/p>\n<p>&nbsp;<\/p>\n<h4>PR\u00d3XIMAS ETAPAS<\/h4>\n<p>O projeto Aedes do Bem j\u00e1 liberou mais de 20 milh\u00f5es de mosquitos machos modificados em Juiz de Fora, desde o dia 30 de novembro de 2017. As equipes que acompanham o processo j\u00e1 identificaram larvas fluorescentes desde a segunda semana de lan\u00e7amento, o que indica que os insetos v\u00eam realizando o trabalho a que foram destinados.<\/p>\n<p>Atualmente, apenas os bairros Santa Luzia, Monte Castelo e Vila Olavo Costa, recebem os Aedes do Bem. A expectativa, por\u00e9m, \u00e9 que a partir de julho deste ano, os mosquitos sejam liberados em mais bairros de JF. At\u00e9 o final dos quatro anos previstos na parceria, o projeto poder\u00e1 abranger uma \u00e1rea de mais de 50 mil habitantes.<\/p>\n<p>A previs\u00e3o \u00e9 de que a unidade fique instalada na cidade por pelo menos mais tr\u00eas anos, especificados no contrato com a Prefeitura Municipal, podendo este ser estendido em caso de novas demandas.<\/p>\n<h4>&nbsp;<\/h4>\n<h4>A UNIDADE<\/h4>\n<p>A unidade instalada em Juiz de Fora conta com oito funcion\u00e1rios, dentre bi\u00f3logos, qu\u00edmicos, etc., que se dividem no processo de cria\u00e7\u00e3o dos mosquitos e na libera\u00e7\u00e3o dos mesmos no meio ambiente. Todos os funcion\u00e1rios s\u00e3o da cidade.<\/p>\n<p>A gerente de Produ\u00e7\u00e3o e Distribui\u00e7\u00e3o da Oxitec tamb\u00e9m realiza visitas constantes a fim de acompanhar o trabalho desenvolvido a n\u00edvel local a fim de garantir sua qualidade e efici\u00eancia. At\u00e9 o momento apenas Juiz de Fora e Piracicaba contam com o projeto Aedes do Bem no Brasil.<\/p>\n<p>A parceira entre a PJF e a Oxitec do Brasil Tecnologia de Insetos Ltda. foi divulgada no dia 11 de julho de 2017.<\/p>\n","protected":false},"excerpt":{"rendered":"<p>Instalada em Juiz de Fora, desde o dia 15 de janeiro deste ano, a unidade m\u00f3vel de produ\u00e7\u00e3o de Aedes aegypti geneticamente modificados vem produzindo e lan\u00e7ando dois milh\u00f5es de mosquitos, semanalmente, em tr\u00eas bairros da cidade. Os chamados Aedes do Bem, n\u00e3o picam, n\u00e3o transmitem nenhuma doen\u00e7a e, pelo contr\u00e1rio, colaboram com o controle [&hellip;]<\/p>\n","protected":false},"author":96,"featured_media":93837,"comment_status":"closed","ping_status":"closed","sticky":false,"template":"","format":"standard","meta":{"footnotes":""},"categories":[253],"tags":[],"class_list":["post-93838","post","type-post","status-publish","format-standard","has-post-thumbnail","hentry","category-cidade"],"_links":{"self":[{"href":"https:\/\/diarioregionaldigital.com.br\/index.php?rest_route=\/wp\/v2\/posts\/93838","targetHints":{"allow":["GET"]}}],"collection":[{"href":"https:\/\/diarioregionaldigital.com.br\/index.php?rest_route=\/wp\/v2\/posts"}],"about":[{"href":"https:\/\/diarioregionaldigital.com.br\/index.php?rest_route=\/wp\/v2\/types\/post"}],"author":[{"embeddable":true,"href":"https:\/\/diarioregionaldigital.com.br\/index.php?rest_route=\/wp\/v2\/users\/96"}],"replies":[{"embeddable":true,"href":"https:\/\/diarioregionaldigital.com.br\/index.php?rest_route=%2Fwp%2Fv2%2Fcomments&post=93838"}],"version-history":[{"count":0,"href":"https:\/\/diarioregionaldigital.com.br\/index.php?rest_route=\/wp\/v2\/posts\/93838\/revisions"}],"wp:featuredmedia":[{"embeddable":true,"href":"https:\/\/diarioregionaldigital.com.br\/index.php?rest_route=\/wp\/v2\/media\/93837"}],"wp:attachment":[{"href":"https:\/\/diarioregionaldigital.com.br\/index.php?rest_route=%2Fwp%2Fv2%2Fmedia&parent=93838"}],"wp:term":[{"taxonomy":"category","embeddable":true,"href":"https:\/\/diarioregionaldigital.com.br\/index.php?rest_route=%2Fwp%2Fv2%2Fcategories&post=93838"},{"taxonomy":"post_tag","embeddable":true,"href":"https:\/\/diarioregionaldigital.com.br\/index.php?rest_route=%2Fwp%2Fv2%2Ftags&post=93838"}],"curies":[{"name":"wp","href":"https:\/\/api.w.org\/{rel}","templated":true}]}}