{"id":93833,"date":"2018-03-14T18:28:26","date_gmt":"2018-03-14T21:28:26","guid":{"rendered":"http:\/\/diarioregionaljf.com.br\/2018\/03\/14\/suprema-corte-do-peru-aprova-extradicao-de-ex-presidente-alejandro-toledo\/"},"modified":"2018-03-14T18:28:26","modified_gmt":"2018-03-14T21:28:26","slug":"suprema-corte-do-peru-aprova-extradicao-de-ex-presidente-alejandro-toledo","status":"publish","type":"post","link":"https:\/\/diarioregionaldigital.com.br\/?p=93833","title":{"rendered":"Suprema Corte do Peru aprova extradi\u00e7\u00e3o de ex-presidente Alejandro Toledo"},"content":{"rendered":"<p>A Suprema Corte de Justi\u00e7a do Peru aprovou nessa ter\u00e7a-feira, 13, o envio aos Estados Unidos do pedido de extradi\u00e7\u00e3o do ex-presidente Alejandro Toledo (2001-2006), que \u00e9 investigado por supostamente receber propinas avaliadas em US$20 milh\u00f5es da Odebrecht. A informa\u00e7\u00e3o \u00e9 da ag\u00eancia EFE.<\/p>\n<p>A Sala Penal Permanente votou de forma un\u00e2nime em favor da solicita\u00e7\u00e3o apresentada pelo juiz Richard Concepci\u00f3n Carhuancho pelos supostos crimes de tr\u00e1fico de influ\u00eancia, lavagem de dinheiro e conluio, de acordo com a resolu\u00e7\u00e3o publicada no site do Poder Judici\u00e1rio.<\/p>\n<p>O juiz supremo C\u00e9sar San Mart\u00edn presidiu a audi\u00eancia que emitiu a decis\u00e3o consultiva, que disp\u00f4s que o caderno de extradi\u00e7\u00e3o de Toledo seja remetido ao Minist\u00e9rio da Justi\u00e7a para sua tramita\u00e7\u00e3o.<\/p>\n<p>Com a solicita\u00e7\u00e3o aprovada pelo Judici\u00e1rio, o governo peruano deve ratific\u00e1-la no Conselho de Ministros antes que ela possa ser enviada, atrav\u00e9s da Chancelaria, ao Departamento de Justi\u00e7a dos EUA para conseguir a repatria\u00e7\u00e3o de Toledo e coloc\u00e1-lo \u00e0 disposi\u00e7\u00e3o da Justi\u00e7a peruana.<\/p>\n<h4>&nbsp;<\/h4>\n<h4>PAGOU PROPINA<\/h4>\n<p>O ex-presidente, residente nos Estados Unidos, tem uma ordem de deten\u00e7\u00e3o por 18 meses, ditada em fevereiro do ano passado, por causa das declara\u00e7\u00f5es do ex-diretor da Odebrecht no Peru, Jorge Barata, \u00e0s justi\u00e7as peruana e brasileira. Segundo Barata, a Odebrecht pagou propina ao ex-presidente para ganhar a licita\u00e7\u00e3o de dois trechos da rodovia Interoce\u00e2nica Sul.<\/p>\n<p>Al\u00e9m disso, Toledo foi investigado nos \u00faltimos anos pela aquisi\u00e7\u00e3o de casas e escrit\u00f3rios em Lima por quase US$5 milh\u00f5es com recursos da empresa Ecoteva, criada pelo seu amigo Josef Maiman e a sua sogra Eva Fernenbug, na Costa Rica.<\/p>\n<p>Maiman confirmou ao Minist\u00e9rio P\u00fablico peruano que emprestou suas contas a Toledo e que os recursos, procedentes de contas de Odebrecht, foram transferidos para a Ecoteva.<\/p>\n<p>No Peru, o caso Odebrecht se concentrou em seguir o rastro das propinas milion\u00e1rias que a companhia brasileira admitiu para a Justi\u00e7a americana que pagou para funcion\u00e1rios e agentes p\u00fablicos em troca da concess\u00e3o de obras entre 2005 e 2014, al\u00e9m das contribui\u00e7\u00f5es ilegais para pol\u00edticos peruanos.<\/p>\n<p>Fonte: Ag\u00eancia Brasil<\/p>\n","protected":false},"excerpt":{"rendered":"<p>A Suprema Corte de Justi\u00e7a do Peru aprovou nessa ter\u00e7a-feira, 13, o envio aos Estados Unidos do pedido de extradi\u00e7\u00e3o do ex-presidente Alejandro Toledo (2001-2006), que \u00e9 investigado por supostamente receber propinas avaliadas em US$20 milh\u00f5es da Odebrecht. A informa\u00e7\u00e3o \u00e9 da ag\u00eancia EFE. A Sala Penal Permanente votou de forma un\u00e2nime em favor da [&hellip;]<\/p>\n","protected":false},"author":96,"featured_media":93832,"comment_status":"closed","ping_status":"closed","sticky":false,"template":"","format":"standard","meta":{"footnotes":""},"categories":[302],"tags":[],"class_list":["post-93833","post","type-post","status-publish","format-standard","has-post-thumbnail","hentry","category-brasil-mundo"],"_links":{"self":[{"href":"https:\/\/diarioregionaldigital.com.br\/index.php?rest_route=\/wp\/v2\/posts\/93833","targetHints":{"allow":["GET"]}}],"collection":[{"href":"https:\/\/diarioregionaldigital.com.br\/index.php?rest_route=\/wp\/v2\/posts"}],"about":[{"href":"https:\/\/diarioregionaldigital.com.br\/index.php?rest_route=\/wp\/v2\/types\/post"}],"author":[{"embeddable":true,"href":"https:\/\/diarioregionaldigital.com.br\/index.php?rest_route=\/wp\/v2\/users\/96"}],"replies":[{"embeddable":true,"href":"https:\/\/diarioregionaldigital.com.br\/index.php?rest_route=%2Fwp%2Fv2%2Fcomments&post=93833"}],"version-history":[{"count":0,"href":"https:\/\/diarioregionaldigital.com.br\/index.php?rest_route=\/wp\/v2\/posts\/93833\/revisions"}],"wp:featuredmedia":[{"embeddable":true,"href":"https:\/\/diarioregionaldigital.com.br\/index.php?rest_route=\/wp\/v2\/media\/93832"}],"wp:attachment":[{"href":"https:\/\/diarioregionaldigital.com.br\/index.php?rest_route=%2Fwp%2Fv2%2Fmedia&parent=93833"}],"wp:term":[{"taxonomy":"category","embeddable":true,"href":"https:\/\/diarioregionaldigital.com.br\/index.php?rest_route=%2Fwp%2Fv2%2Fcategories&post=93833"},{"taxonomy":"post_tag","embeddable":true,"href":"https:\/\/diarioregionaldigital.com.br\/index.php?rest_route=%2Fwp%2Fv2%2Ftags&post=93833"}],"curies":[{"name":"wp","href":"https:\/\/api.w.org\/{rel}","templated":true}]}}