{"id":93831,"date":"2018-03-14T18:23:34","date_gmt":"2018-03-14T21:23:34","guid":{"rendered":"http:\/\/diarioregionaljf.com.br\/2018\/03\/14\/relatorio-aponta-finlandia-como-pais-mais-feliz-do-mundo-brasil-e-28\/"},"modified":"2018-03-14T18:23:34","modified_gmt":"2018-03-14T21:23:34","slug":"relatorio-aponta-finlandia-como-pais-mais-feliz-do-mundo-brasil-e-28","status":"publish","type":"post","link":"https:\/\/diarioregionaldigital.com.br\/?p=93831","title":{"rendered":"Relat\u00f3rio aponta Finl\u00e2ndia como pa\u00eds mais feliz do mundo; Brasil \u00e9 28\u00b0"},"content":{"rendered":"<p>O Relat\u00f3rio Mundial da Felicidade de 2018, que leva em considera\u00e7\u00e3o 156 pa\u00edses, colocou a Finl\u00e2ndia ocupando a primeira coloca\u00e7\u00e3o como pa\u00eds mais feliz do mundo. O Brasil ficou na 28\u00aa posi\u00e7\u00e3o do ranking, elaborado por especialistas das Na\u00e7\u00f5es Unidas e divulgado nessa quarta-feira, 14. A informa\u00e7\u00e3o \u00e9 da EFE.<\/p>\n<p>O levantamento classifica 156 pa\u00edses pelo n\u00edvel de felicidade a partir de dados situados entre 2015 e 2017, e al\u00e9m disso, neste ano, avalia tamb\u00e9m a felicidade dos imigrantes nos pa\u00edses de resid\u00eancia, a partir de uma tabela que inclui 117 pa\u00edses com dados de entre 2005 e 2017.<\/p>\n<p>O documento foi divulgado em um ato realizado na Academia Pontif\u00edcia das Ci\u00eancias Sociais, no Vaticano. Segundo este estudo, a Finl\u00e2ndia \u00e9 o pa\u00eds &#8220;mais feliz&#8221;, com uma pontua\u00e7\u00e3o de 7,632 sobre 10, seguido por Noruega, Dinamarca, Isl\u00e2ndia, Su\u00ed\u00e7a, Holanda, Canad\u00e1, Nova Zel\u00e2ndia, Su\u00e9cia e Austr\u00e1lia.<\/p>\n<h4>&nbsp;<\/h4>\n<h4>NA AM\u00c9RICA LATINA<\/h4>\n<p>Primeiro colocado na Am\u00e9rica Latina, a Costa Rica ocupa o 13\u00b0 lugar, com uma nota de 7,072, \u00e0 frente de pa\u00edses como Estados Unidos (18) e Espanha (36). Atr\u00e1s da Costa Rica no continente americano aparece o M\u00e9xico (24), o Chile (25), o Brasil (28), a Argentina (29), o Uruguai (31), a Col\u00f4mbia (37), El Salvador (40), a Nicar\u00e1gua (41), o Equador (48), a Bol\u00edvia (62), o Paraguai (64), o Peru (65) e Honduras (72).<\/p>\n<p>O pior pa\u00eds da Am\u00e9rica Latina \u00e9 a Venezuela (102). Segundo o relat\u00f3rio, a Venezuela \u00e9 um dos pa\u00edses que mais est\u00e1 caindo na tabela desde 2008, pela dif\u00edcil situa\u00e7\u00e3o pol\u00edtica, social e econ\u00f4mica que enfrenta h\u00e1 alguns anos.<\/p>\n<p>&#8220;No caso da Venezuela, o relat\u00f3rio aponta que muitas migra\u00e7\u00f5es n\u00e3o s\u00e3o fruto de decis\u00f5es desejadas, sen\u00e3o consequ\u00eancia de uma atmosfera de r\u00e1pida deteriora\u00e7\u00e3o da liberdade pol\u00edtica e da estabilidade econ\u00f4mica&#8221;, exp\u00f5e.<\/p>\n<p>Este ano, o documento centra a aten\u00e7\u00e3o tamb\u00e9m na imigra\u00e7\u00e3o e neste sentido explica que &#8220;na Am\u00e9rica Latina, as pessoas que t\u00eam a inten\u00e7\u00e3o de migrar (&#8230;) est\u00e3o relativamente insatisfeitas com as suas vidas&#8221;.<\/p>\n<p>Nesta linha, &#8220;25% das pessoas indagadas na amostra da Am\u00e9rica Latina informaram que, dada a oportunidade, migrariam a outro pa\u00eds&#8221;.<\/p>\n<p>Entre os pa\u00edses com as maiores propor\u00e7\u00f5es de emigrantes potenciais na regi\u00e3o est\u00e3o Honduras (47%), El Salvador (42%) e Peru (33%), e na maioria dos casos os destinos preferidos s\u00e3o os Estados Unidos, Espanha, Canad\u00e1, Argentina e Brasil.<\/p>\n<p>Fonte: Ag\u00eancia Brasil<\/p>\n","protected":false},"excerpt":{"rendered":"<p>O Relat\u00f3rio Mundial da Felicidade de 2018, que leva em considera\u00e7\u00e3o 156 pa\u00edses, colocou a Finl\u00e2ndia ocupando a primeira coloca\u00e7\u00e3o como pa\u00eds mais feliz do mundo. O Brasil ficou na 28\u00aa posi\u00e7\u00e3o do ranking, elaborado por especialistas das Na\u00e7\u00f5es Unidas e divulgado nessa quarta-feira, 14. A informa\u00e7\u00e3o \u00e9 da EFE. O levantamento classifica 156 pa\u00edses [&hellip;]<\/p>\n","protected":false},"author":96,"featured_media":93830,"comment_status":"closed","ping_status":"closed","sticky":false,"template":"","format":"standard","meta":{"footnotes":""},"categories":[302],"tags":[],"class_list":["post-93831","post","type-post","status-publish","format-standard","has-post-thumbnail","hentry","category-brasil-mundo"],"_links":{"self":[{"href":"https:\/\/diarioregionaldigital.com.br\/index.php?rest_route=\/wp\/v2\/posts\/93831","targetHints":{"allow":["GET"]}}],"collection":[{"href":"https:\/\/diarioregionaldigital.com.br\/index.php?rest_route=\/wp\/v2\/posts"}],"about":[{"href":"https:\/\/diarioregionaldigital.com.br\/index.php?rest_route=\/wp\/v2\/types\/post"}],"author":[{"embeddable":true,"href":"https:\/\/diarioregionaldigital.com.br\/index.php?rest_route=\/wp\/v2\/users\/96"}],"replies":[{"embeddable":true,"href":"https:\/\/diarioregionaldigital.com.br\/index.php?rest_route=%2Fwp%2Fv2%2Fcomments&post=93831"}],"version-history":[{"count":0,"href":"https:\/\/diarioregionaldigital.com.br\/index.php?rest_route=\/wp\/v2\/posts\/93831\/revisions"}],"wp:featuredmedia":[{"embeddable":true,"href":"https:\/\/diarioregionaldigital.com.br\/index.php?rest_route=\/wp\/v2\/media\/93830"}],"wp:attachment":[{"href":"https:\/\/diarioregionaldigital.com.br\/index.php?rest_route=%2Fwp%2Fv2%2Fmedia&parent=93831"}],"wp:term":[{"taxonomy":"category","embeddable":true,"href":"https:\/\/diarioregionaldigital.com.br\/index.php?rest_route=%2Fwp%2Fv2%2Fcategories&post=93831"},{"taxonomy":"post_tag","embeddable":true,"href":"https:\/\/diarioregionaldigital.com.br\/index.php?rest_route=%2Fwp%2Fv2%2Ftags&post=93831"}],"curies":[{"name":"wp","href":"https:\/\/api.w.org\/{rel}","templated":true}]}}