{"id":93829,"date":"2018-03-14T18:15:23","date_gmt":"2018-03-14T21:15:23","guid":{"rendered":"http:\/\/diarioregionaljf.com.br\/2018\/03\/14\/numero-de-venezuelanos-em-busca-de-asilo-aumenta-2-000-desde-2014-diz-acnur\/"},"modified":"2018-03-14T18:15:23","modified_gmt":"2018-03-14T21:15:23","slug":"numero-de-venezuelanos-em-busca-de-asilo-aumenta-2-000-desde-2014-diz-acnur","status":"publish","type":"post","link":"https:\/\/diarioregionaldigital.com.br\/?p=93829","title":{"rendered":"N\u00famero de venezuelanos em busca de asilo aumenta 2.000% desde 2014, diz Acnur"},"content":{"rendered":"<p>A ag\u00eancia das Na\u00e7\u00f5es Unidas para Refugiados (Acnur), lan\u00e7ou nessa ter\u00e7a-feira, 13, novas orienta\u00e7\u00f5es para os governos que est\u00e3o recebendo pessoas da Venezuela. Desde 2014, o n\u00famero de venezuelanos \u00e0 procura de asilo aumentou 2.000%. A informa\u00e7\u00e3o \u00e9 da ONU News.<\/p>\n<p>A porta-voz do Acnur, Katerina Kitidi, disse em Genebra que, apesar de estas pessoas n\u00e3o serem refugiadas, tamb\u00e9m precisam de prote\u00e7\u00e3o internacional. O maior n\u00famero de candidatos de asilo encontra-se nas Am\u00e9ricas.<\/p>\n<p>A Acnur desenvolveu um plano de resposta regional que inclui oito pa\u00edses das Am\u00e9ricas e do Caribe. Segundo a ag\u00eancia, \u201cos governos t\u00eam sido generosos na sua resposta, mas as comunidades de acolhimento est\u00e3o sob uma press\u00e3o cada vez maior e precisam urgentemente de apoio robusto.\u201d<\/p>\n<p>A ag\u00eancia da ONU pede aos Estados que \u201cadotem medidas pragm\u00e1ticas de prote\u00e7\u00e3o do povo venezuelano, como alternativas legais de perman\u00eancia, incluindo vistos e autoriza\u00e7\u00f5es tempor\u00e1rias\u201d. Estes programas devem garantir acesso aos direitos b\u00e1sicos de cuidados de sa\u00fade, educa\u00e7\u00e3o, unidade familiar, liberdade de movimento, abrigo e trabalho.<\/p>\n<p>A Acnur \u201celogia todos os pa\u00edses que j\u00e1 introduziram estas medidas\u201d e explica que \u201c\u00e9 crucial que estas pessoas n\u00e3o sejam deportadas ou forcadas a regressar.\u201d<\/p>\n<h4>&nbsp;<\/h4>\n<h4>CRISE HUMANIT\u00c1RIA<\/h4>\n<p>Em outra abordagem da crise venezuelana, o diretor executivo do Programa Mundial de Alimento (PMA), David Beasley, falou que a situa\u00e7\u00e3o no pa\u00eds \u201c\u00e9 um desastre humanit\u00e1rio\u201d. Segundo ele, apenas numa localidade 50 mil pessoas deixam o pa\u00eds de forma legal todos os dias. No total, um milh\u00e3o de venezuelanos j\u00e1 abandonaram o pa\u00eds.<\/p>\n<p>Beasley acredita que \u201ca quest\u00e3o \u00e9 qu\u00e3o pior vai ficar\u201d a situa\u00e7\u00e3o. Segundo ele, \u201cvai tornar-se muito pior\u201d antes que os venezuelanos possam come\u00e7ar a regressar a casa. A Venezuela atravessa uma crise econ\u00f4mica e pol\u00edtica que tem deixado a sua popula\u00e7\u00e3o com pouco acesso a comida, medicamentos, servi\u00e7os sociais ou forma de subsist\u00eancia.<\/p>\n<p>Legalidade<\/p>\n<p>A ag\u00eancia da ONU informa que 94 mil venezuelanos resolveram a sua situa\u00e7\u00e3o legal no \u00faltimo ano, mas outros \u201ccentenas de milhares continuam sem qualquer documenta\u00e7\u00e3o ou permiss\u00e3o para permanecer legalmente nos pa\u00edses de asilo.\u201d<\/p>\n<p>A porta-voz do Acnur, Katerina Kitidi, disse que esta situa\u00e7\u00e3o \u201ctorna estas pessoas particularmente vulner\u00e1veis a tr\u00e1fico, explora\u00e7\u00e3o, viol\u00eancia sexual, discrimina\u00e7\u00e3o e xenofobia.\u201d Segundo ela, ajudar estas pessoas \u00e9 uma quest\u00e3o de justi\u00e7a, porque \u201ca Venezuela tem a tradi\u00e7\u00e3o de acolher milhares de refugiados.\u201d<\/p>\n<p>Fonte: Ag\u00eancia Brasil<\/p>\n","protected":false},"excerpt":{"rendered":"<p>A ag\u00eancia das Na\u00e7\u00f5es Unidas para Refugiados (Acnur), lan\u00e7ou nessa ter\u00e7a-feira, 13, novas orienta\u00e7\u00f5es para os governos que est\u00e3o recebendo pessoas da Venezuela. Desde 2014, o n\u00famero de venezuelanos \u00e0 procura de asilo aumentou 2.000%. A informa\u00e7\u00e3o \u00e9 da ONU News. A porta-voz do Acnur, Katerina Kitidi, disse em Genebra que, apesar de estas pessoas [&hellip;]<\/p>\n","protected":false},"author":96,"featured_media":93828,"comment_status":"closed","ping_status":"closed","sticky":false,"template":"","format":"standard","meta":{"footnotes":""},"categories":[302],"tags":[],"class_list":["post-93829","post","type-post","status-publish","format-standard","has-post-thumbnail","hentry","category-brasil-mundo"],"_links":{"self":[{"href":"https:\/\/diarioregionaldigital.com.br\/index.php?rest_route=\/wp\/v2\/posts\/93829","targetHints":{"allow":["GET"]}}],"collection":[{"href":"https:\/\/diarioregionaldigital.com.br\/index.php?rest_route=\/wp\/v2\/posts"}],"about":[{"href":"https:\/\/diarioregionaldigital.com.br\/index.php?rest_route=\/wp\/v2\/types\/post"}],"author":[{"embeddable":true,"href":"https:\/\/diarioregionaldigital.com.br\/index.php?rest_route=\/wp\/v2\/users\/96"}],"replies":[{"embeddable":true,"href":"https:\/\/diarioregionaldigital.com.br\/index.php?rest_route=%2Fwp%2Fv2%2Fcomments&post=93829"}],"version-history":[{"count":0,"href":"https:\/\/diarioregionaldigital.com.br\/index.php?rest_route=\/wp\/v2\/posts\/93829\/revisions"}],"wp:featuredmedia":[{"embeddable":true,"href":"https:\/\/diarioregionaldigital.com.br\/index.php?rest_route=\/wp\/v2\/media\/93828"}],"wp:attachment":[{"href":"https:\/\/diarioregionaldigital.com.br\/index.php?rest_route=%2Fwp%2Fv2%2Fmedia&parent=93829"}],"wp:term":[{"taxonomy":"category","embeddable":true,"href":"https:\/\/diarioregionaldigital.com.br\/index.php?rest_route=%2Fwp%2Fv2%2Fcategories&post=93829"},{"taxonomy":"post_tag","embeddable":true,"href":"https:\/\/diarioregionaldigital.com.br\/index.php?rest_route=%2Fwp%2Fv2%2Ftags&post=93829"}],"curies":[{"name":"wp","href":"https:\/\/api.w.org\/{rel}","templated":true}]}}