{"id":93825,"date":"2018-03-14T17:47:12","date_gmt":"2018-03-14T20:47:12","guid":{"rendered":"http:\/\/diarioregionaljf.com.br\/2018\/03\/14\/terceira-parcela-do-ipva-2018-vence-a-partir-desta-quinta-feira\/"},"modified":"2018-03-14T17:47:12","modified_gmt":"2018-03-14T20:47:12","slug":"terceira-parcela-do-ipva-2018-vence-a-partir-desta-quinta-feira","status":"publish","type":"post","link":"https:\/\/diarioregionaldigital.com.br\/?p=93825","title":{"rendered":"Terceira parcela do IPVA 2018 vence a partir desta quinta-feira"},"content":{"rendered":"<p>A terceira e \u00faltima parcela do Imposto sobre a Propriedade de Ve\u00edculos Automotores (IPVA) 2018 vence a partir desta quinta-feira, 15, come\u00e7ando com as placas de finais 1 e 2. A escala segue at\u00e9 a quarta-feira, 21, sempre com dois finais de placas por dia. Os propriet\u00e1rios devem ficar atentos tamb\u00e9m \u00e0 proximidade do vencimento da Taxa de Renova\u00e7\u00e3o do Licenciamento Anual de Ve\u00edculo (TRLAV) &#8211; no valor de R$92,66 -, que \u00e9 2 de abril.<\/p>\n<p>Como nas parcelas anteriores, o pagamento pode ser feito diretamente nos terminais de autoatendimento ou guich\u00eas dos agentes arrecadadores autorizados &#8211; Bradesco, Mercantil do Brasil, Caixa Econ\u00f4mica Federal, Casas Lot\u00e9ricas, Mais BB, Banco Postal, Santander e Sicoob -, bastando informar o n\u00famero do Renavam do ve\u00edculo.<\/p>\n<p>Quem preferir, pode emitir a guia de arrecada\u00e7\u00e3o do IPVA 2018, no site da Secretaria de Estado de Fazenda, nas Reparti\u00e7\u00f5es Fazend\u00e1rias ou nas Unidades de Atendimento Integrado (UAI).<\/p>\n<p>O contribuinte que n\u00e3o pagar o imposto dentro do prazo vai arcar com multa de 0,3% ao dia (at\u00e9 o 30\u00ba dia), e de 20% ap\u00f3s o 30\u00ba dia. Os juros s\u00e3o calculados sobre o valor do imposto ou das parcelas, acrescido da multa, pela taxa referencial do Sistema Especial de Liquida\u00e7\u00e3o e Custodia (Selic).<\/p>\n<h4>&nbsp;<\/h4>\n<h4>BALAN\u00c7O<\/h4>\n<p>At\u00e9 o dia 28 de fevereiro, foram arrecadados R$3,104 bilh\u00f5es referentes ao IPVA 2018, o que representa 59,3% do total do imposto lan\u00e7ado (R$5,235 bilh\u00f5es). Em 2017, no mesmo per\u00edodo, a arrecada\u00e7\u00e3o atingiu 59,4% do total emitido.<\/p>\n<h4>&nbsp;<\/h4>\n<h4>PARCELAS EM ATRASO<\/h4>\n<p>Mesmo quem n\u00e3o pagou a primeira e\/ou a segunda parcela deve quitar a terceira na data estabelecida, para n\u00e3o se submeter a multa e juros referentes a esta parcela. As parcelas em atraso tamb\u00e9m podem ser pagas normalmente, nos agentes arrecadadores.<\/p>\n<p>Os valores ser\u00e3o atualizados automaticamente. Caso opte por retirar a guia, o pagamento deve ser feito no mesmo dia da emiss\u00e3o, j\u00e1 que os juros s\u00e3o calculados diariamente. Vale lembrar que o seguro DPVAT venceu junto da primeira parcela do IPVA.<\/p>\n<h4>&nbsp;<\/h4>\n<h4>SERVIDORES P\u00daBLICOS<\/h4>\n<p>Vale lembrar que os servidores p\u00fablicos estaduais e pensionistas que tiveram o pagamento do 13\u00ba sal\u00e1rio de 2017 escalonado em quatro parcelas (19\/1, 19\/2, 19\/3 e 19\/4\/2018) poder\u00e3o quitar o IPVA e o Seguro Dpvat at\u00e9 o dia 19 de abril de 2018. A TRLAV, por\u00e9m, deve ser paga na data v\u00e1lida para todos os contribuintes, que \u00e9 dia 2 de abril.<\/p>\n<h4>&nbsp;<\/h4>\n<h4>DESTINA\u00c7\u00c3O<\/h4>\n<p>Do valor arrecadado com o IPVA, 40% v\u00e3o para o caixa \u00fanico do Estado, 40% s\u00e3o repassados aos munic\u00edpios de licenciamento dos ve\u00edculos e 20% s\u00e3o destinados para o Fundo de Manuten\u00e7\u00e3o e Desenvolvimento da Educa\u00e7\u00e3o B\u00e1sica e de Valoriza\u00e7\u00e3o dos Profissionais de Educa\u00e7\u00e3o (Fundeb).<\/p>\n<p><img loading=\"lazy\" decoding=\"async\" class=\" size-full wp-image-93824\" src=\"http:\/\/diarioregionaljf.com.br\/wp-content\/uploads\/2018\/03\/diario-int-25064-1.png\" alt=\"placas.png\" style=\"display: block; margin-left: auto; margin-right: auto;\" width=\"237\" height=\"240\" srcset=\"https:\/\/diarioregionaldigital.com.br\/wp-content\/uploads\/2018\/03\/diario-int-25064-1.png 237w, https:\/\/diarioregionaldigital.com.br\/wp-content\/uploads\/2018\/03\/diario-int-25064-1-80x80.png 80w\" sizes=\"auto, (max-width: 237px) 100vw, 237px\" \/><\/p>\n<p>Fonte: Ag\u00eancia Minas<\/p>\n","protected":false},"excerpt":{"rendered":"<p>A terceira e \u00faltima parcela do Imposto sobre a Propriedade de Ve\u00edculos Automotores (IPVA) 2018 vence a partir desta quinta-feira, 15, come\u00e7ando com as placas de finais 1 e 2. A escala segue at\u00e9 a quarta-feira, 21, sempre com dois finais de placas por dia. Os propriet\u00e1rios devem ficar atentos tamb\u00e9m \u00e0 proximidade do vencimento [&hellip;]<\/p>\n","protected":false},"author":96,"featured_media":93823,"comment_status":"closed","ping_status":"closed","sticky":false,"template":"","format":"standard","meta":{"footnotes":""},"categories":[252],"tags":[],"class_list":["post-93825","post","type-post","status-publish","format-standard","has-post-thumbnail","hentry","category-regiao"],"_links":{"self":[{"href":"https:\/\/diarioregionaldigital.com.br\/index.php?rest_route=\/wp\/v2\/posts\/93825","targetHints":{"allow":["GET"]}}],"collection":[{"href":"https:\/\/diarioregionaldigital.com.br\/index.php?rest_route=\/wp\/v2\/posts"}],"about":[{"href":"https:\/\/diarioregionaldigital.com.br\/index.php?rest_route=\/wp\/v2\/types\/post"}],"author":[{"embeddable":true,"href":"https:\/\/diarioregionaldigital.com.br\/index.php?rest_route=\/wp\/v2\/users\/96"}],"replies":[{"embeddable":true,"href":"https:\/\/diarioregionaldigital.com.br\/index.php?rest_route=%2Fwp%2Fv2%2Fcomments&post=93825"}],"version-history":[{"count":0,"href":"https:\/\/diarioregionaldigital.com.br\/index.php?rest_route=\/wp\/v2\/posts\/93825\/revisions"}],"wp:featuredmedia":[{"embeddable":true,"href":"https:\/\/diarioregionaldigital.com.br\/index.php?rest_route=\/wp\/v2\/media\/93823"}],"wp:attachment":[{"href":"https:\/\/diarioregionaldigital.com.br\/index.php?rest_route=%2Fwp%2Fv2%2Fmedia&parent=93825"}],"wp:term":[{"taxonomy":"category","embeddable":true,"href":"https:\/\/diarioregionaldigital.com.br\/index.php?rest_route=%2Fwp%2Fv2%2Fcategories&post=93825"},{"taxonomy":"post_tag","embeddable":true,"href":"https:\/\/diarioregionaldigital.com.br\/index.php?rest_route=%2Fwp%2Fv2%2Ftags&post=93825"}],"curies":[{"name":"wp","href":"https:\/\/api.w.org\/{rel}","templated":true}]}}