{"id":93822,"date":"2018-03-14T14:20:31","date_gmt":"2018-03-14T17:20:31","guid":{"rendered":"http:\/\/diarioregionaljf.com.br\/2018\/03\/14\/brasil-faz-teste-importante-em-competicao-de-ginastica-artistica-por-equipe-na-alemanha\/"},"modified":"2018-03-14T14:20:31","modified_gmt":"2018-03-14T17:20:31","slug":"brasil-faz-teste-importante-em-competicao-de-ginastica-artistica-por-equipe-na-alemanha","status":"publish","type":"post","link":"https:\/\/diarioregionaldigital.com.br\/?p=93822","title":{"rendered":"Brasil faz teste importante em competi\u00e7\u00e3o de gin\u00e1stica art\u00edstica por equipe na Alemanha"},"content":{"rendered":"<p>As Sele\u00e7\u00f5es de Gin\u00e1stica Art\u00edstica Feminina e Masculina t\u00eam o objetivo de classificar as equipes completas para os Jogos Ol\u00edmpicos de T\u00f3quio 2020 e, de olho nessa meta t\u00e3o importante, cinco atletas partiram nesta ter\u00e7a-feira, 13, para a Alemanha, para a competi\u00e7\u00e3o masculina do DTB Pokal Team Challenge, na cidade de Stuttgart. O evento deve ser um bom teste para a equipe, que vem fazendo uma prepara\u00e7\u00e3o bastante intensa.&nbsp;<\/p>\n<p>Arthur Zanetti, Francisco Barretto J\u00fanior, Lu\u00eds Porto, Lucas Bitencourt e P\u00e9ricles da Silva ir\u00e3o disputar o primeiro desafio em grupo do ano ao lado de representas de v\u00e1rios pa\u00edses tradicionais na modalidade, como a pr\u00f3pria Alemanha, Jap\u00e3o e R\u00fassia. Na sexta-feira, 16, ser\u00e3o as qualificat\u00f3rias e no domingo, 18, as finais.<\/p>\n<p>A competi\u00e7\u00e3o funciona da seguinte forma: nas classificat\u00f3rias, quatro ginastas de cada pa\u00eds podem competir em cada aparelho, as tr\u00eas maiores notas s\u00e3o v\u00e1lidas e a menor descartada. As quatro melhores equipes passam para as finais. Na decis\u00e3o apenas dois atletas competem em cada aparelho e as duas notas s\u00e3o contabilizadas.<\/p>\n<p>&#8220;Nosso primeiro objetivo \u00e9 chegar \u00e0 final. Na \u00faltima vez que participamos dessa competi\u00e7\u00e3o, em 2016, ficamos em terceiro e queremos pelo menos repetir o p\u00f3dio. \u00c9 uma das competi\u00e7\u00f5es preparat\u00f3rias para o Mundial por ser por equipe&#8221;, explicou o coordenador de Sele\u00e7\u00f5es de Gin\u00e1stica Art\u00edstica da Confedera\u00e7\u00e3o Brasileira de Gin\u00e1stica (CBG), Marcos Goto, lembrando que no Mundial deste ano, em outubro, no Qatar, as tr\u00eas primeiras equipes na classifica\u00e7\u00e3o final j\u00e1 garantem vaga em T\u00f3quio 2020. &#8220;\u00c9 um campeonato forte e muito bom para nossa prepara\u00e7\u00e3o&#8221;, acrescentou.<\/p>\n<p><strong>Programa\u00e7\u00e3o:<br \/> <\/strong>Quinta-feira (15)<br \/> 15h45 &#8211; Treinamento<\/p>\n<p>Sexta-feira (16)<br \/> 10h &#8211; Classificat\u00f3rias masculinas<\/p>\n<p>Domingo (18)&nbsp;<br \/> 12h \u00e0s 14h15 &#8211; Finais masculinas<\/p>\n<p><strong>Fonte: COB <\/strong><\/p>\n","protected":false},"excerpt":{"rendered":"<p>As Sele\u00e7\u00f5es de Gin\u00e1stica Art\u00edstica Feminina e Masculina t\u00eam o objetivo de classificar as equipes completas para os Jogos Ol\u00edmpicos de T\u00f3quio 2020 e, de olho nessa meta t\u00e3o importante, cinco atletas partiram nesta ter\u00e7a-feira, 13, para a Alemanha, para a competi\u00e7\u00e3o masculina do DTB Pokal Team Challenge, na cidade de Stuttgart. O evento deve [&hellip;]<\/p>\n","protected":false},"author":96,"featured_media":93821,"comment_status":"closed","ping_status":"closed","sticky":false,"template":"","format":"standard","meta":{"footnotes":""},"categories":[257],"tags":[],"class_list":["post-93822","post","type-post","status-publish","format-standard","has-post-thumbnail","hentry","category-esporte"],"_links":{"self":[{"href":"https:\/\/diarioregionaldigital.com.br\/index.php?rest_route=\/wp\/v2\/posts\/93822","targetHints":{"allow":["GET"]}}],"collection":[{"href":"https:\/\/diarioregionaldigital.com.br\/index.php?rest_route=\/wp\/v2\/posts"}],"about":[{"href":"https:\/\/diarioregionaldigital.com.br\/index.php?rest_route=\/wp\/v2\/types\/post"}],"author":[{"embeddable":true,"href":"https:\/\/diarioregionaldigital.com.br\/index.php?rest_route=\/wp\/v2\/users\/96"}],"replies":[{"embeddable":true,"href":"https:\/\/diarioregionaldigital.com.br\/index.php?rest_route=%2Fwp%2Fv2%2Fcomments&post=93822"}],"version-history":[{"count":0,"href":"https:\/\/diarioregionaldigital.com.br\/index.php?rest_route=\/wp\/v2\/posts\/93822\/revisions"}],"wp:featuredmedia":[{"embeddable":true,"href":"https:\/\/diarioregionaldigital.com.br\/index.php?rest_route=\/wp\/v2\/media\/93821"}],"wp:attachment":[{"href":"https:\/\/diarioregionaldigital.com.br\/index.php?rest_route=%2Fwp%2Fv2%2Fmedia&parent=93822"}],"wp:term":[{"taxonomy":"category","embeddable":true,"href":"https:\/\/diarioregionaldigital.com.br\/index.php?rest_route=%2Fwp%2Fv2%2Fcategories&post=93822"},{"taxonomy":"post_tag","embeddable":true,"href":"https:\/\/diarioregionaldigital.com.br\/index.php?rest_route=%2Fwp%2Fv2%2Ftags&post=93822"}],"curies":[{"name":"wp","href":"https:\/\/api.w.org\/{rel}","templated":true}]}}