{"id":93816,"date":"2018-03-14T14:14:14","date_gmt":"2018-03-14T17:14:14","guid":{"rendered":"http:\/\/diarioregionaljf.com.br\/2018\/03\/14\/morre-bebeto-de-freitas-icone-do-esporte-brasileiro\/"},"modified":"2018-03-14T14:14:14","modified_gmt":"2018-03-14T17:14:14","slug":"morre-bebeto-de-freitas-icone-do-esporte-brasileiro","status":"publish","type":"post","link":"https:\/\/diarioregionaldigital.com.br\/?p=93816","title":{"rendered":"Morre Bebeto de Freitas, \u00edcone do esporte brasileiro"},"content":{"rendered":"<p>Bebeto de Freitas tinha 68 anos e exercia a fun\u00e7\u00e3o de diretor de administra\u00e7\u00e3o e controle do Atl\u00e9tico-MG, vindo a falecer de uma parada card\u00edaca na tarde desta ter\u00e7a- feira, 13, ao passar mal dentro concentra\u00e7\u00e3o do clube na Cidade do Galo. O dirigente j\u00e1 caiu desacordado e recebeu os primeiros atendimentos m\u00e9dicos, mas acabou n\u00e3o resistindo.<\/p>\n<p><strong>Trajet\u00f3ria no Galo<\/strong><\/p>\n<p>A primeira passagem de Bebeto de Freitas no Atl\u00e9tico foi em 1999, na gest\u00e3o de N\u00e9lio Brant. Foi ele o respons\u00e1vel por implementar uma gest\u00e3o mais profissional no clube, voltando pouco depois, em 2001. No per\u00edodo no Galo, ajudou o clube a conquistar o Campeonato Mineiro e ser vice no Brasileir\u00e3o de 1999. Em 2001, levou o clube alvinegro ao quarto lugar do torneio nacional.<\/p>\n<p>No ano passado, Bebeto assumiu a Secretaria Municipal de Esporte e Lazer na gest\u00e3o de Alexandre Kalil na prefeitura de Belo Horizonte, no in\u00edcio de 2017. Com a elei\u00e7\u00e3o de S\u00e9rgio Sette C\u00e2mara para presidente do Atl\u00e9tico-MG, no final do ano passado, retornou ao clube mineiro, desta vez no cargo de diretor de Administra\u00e7\u00e3o e Controle.<\/p>\n<p>Famoso principalmente por ter sido o t\u00e9cnico da grande \u201cgera\u00e7\u00e3o de prata\u201d do v\u00f4lei masculino do Brasil, Bebeto foi jogador de v\u00f4lei do Botafogo, pelo qual conquistou 11 t\u00edtulos estaduais consecutivos. Ganhou destaque como t\u00e9cnico da sele\u00e7\u00e3o brasileira masculina da modalidade, que ele conduziu ao vice-campeonato mundial de 1982 e ainda \u00e0 medalha de prata na Olimp\u00edada de 1984, em Los Angeles, onde liderou um time repleto de craques como William, Xand\u00f3, Montanaro e Renan.<\/p>\n<p>Marcante na hist\u00f3ria do esporte brasileiro e reconhecido por seus trabalhos no Atl\u00e9tico-MG e no Botafogo, Bebeto de Freitas ser\u00e1 velado na sede dos dois clubes. O vel\u00f3rio foi nesta quarta-feira, de 8h \u00e0s 11h (de Bras\u00edlia) no audit\u00f3rio Elias Kalil, na sede de Lourdes, do Atl\u00e9tico-MG. Em seguida, o corpo seguiu para o Rio de Janeiro, onde os f\u00e3s poder\u00e3o se despedir do ex-atleta na sede do Botafogo, em General Severiano.<\/p>\n<p><strong>&nbsp;<\/strong><\/p>\n","protected":false},"excerpt":{"rendered":"<p>Bebeto de Freitas tinha 68 anos e exercia a fun\u00e7\u00e3o de diretor de administra\u00e7\u00e3o e controle do Atl\u00e9tico-MG, vindo a falecer de uma parada card\u00edaca na tarde desta ter\u00e7a- feira, 13, ao passar mal dentro concentra\u00e7\u00e3o do clube na Cidade do Galo. O dirigente j\u00e1 caiu desacordado e recebeu os primeiros atendimentos m\u00e9dicos, mas acabou [&hellip;]<\/p>\n","protected":false},"author":96,"featured_media":93815,"comment_status":"closed","ping_status":"closed","sticky":false,"template":"","format":"standard","meta":{"footnotes":""},"categories":[257],"tags":[],"class_list":["post-93816","post","type-post","status-publish","format-standard","has-post-thumbnail","hentry","category-esporte"],"_links":{"self":[{"href":"https:\/\/diarioregionaldigital.com.br\/index.php?rest_route=\/wp\/v2\/posts\/93816","targetHints":{"allow":["GET"]}}],"collection":[{"href":"https:\/\/diarioregionaldigital.com.br\/index.php?rest_route=\/wp\/v2\/posts"}],"about":[{"href":"https:\/\/diarioregionaldigital.com.br\/index.php?rest_route=\/wp\/v2\/types\/post"}],"author":[{"embeddable":true,"href":"https:\/\/diarioregionaldigital.com.br\/index.php?rest_route=\/wp\/v2\/users\/96"}],"replies":[{"embeddable":true,"href":"https:\/\/diarioregionaldigital.com.br\/index.php?rest_route=%2Fwp%2Fv2%2Fcomments&post=93816"}],"version-history":[{"count":0,"href":"https:\/\/diarioregionaldigital.com.br\/index.php?rest_route=\/wp\/v2\/posts\/93816\/revisions"}],"wp:featuredmedia":[{"embeddable":true,"href":"https:\/\/diarioregionaldigital.com.br\/index.php?rest_route=\/wp\/v2\/media\/93815"}],"wp:attachment":[{"href":"https:\/\/diarioregionaldigital.com.br\/index.php?rest_route=%2Fwp%2Fv2%2Fmedia&parent=93816"}],"wp:term":[{"taxonomy":"category","embeddable":true,"href":"https:\/\/diarioregionaldigital.com.br\/index.php?rest_route=%2Fwp%2Fv2%2Fcategories&post=93816"},{"taxonomy":"post_tag","embeddable":true,"href":"https:\/\/diarioregionaldigital.com.br\/index.php?rest_route=%2Fwp%2Fv2%2Ftags&post=93816"}],"curies":[{"name":"wp","href":"https:\/\/api.w.org\/{rel}","templated":true}]}}