{"id":93808,"date":"2018-03-14T12:57:30","date_gmt":"2018-03-14T15:57:30","guid":{"rendered":"http:\/\/diarioregionaljf.com.br\/2018\/03\/14\/prefeitura-municipal-de-tocantins-termo-de-colaboracao-n-001-2018\/"},"modified":"2018-08-13T20:38:36","modified_gmt":"2018-08-13T23:38:36","slug":"prefeitura-municipal-de-tocantins-termo-de-colaboracao-n-001-2018","status":"publish","type":"post","link":"https:\/\/diarioregionaldigital.com.br\/?p=93808","title":{"rendered":"PREFEITURA MUNICIPAL DE TOCANTINS TERMO DE COLABORA\u00c7\u00c3O N\u00ba 001\/2018"},"content":{"rendered":"<p>TERMO DE COLABORA\u00c7\u00c3O N\u00ba 001\/2018<br \/>TERMO DE COLABORA\u00c7\u00c3O N\u00ba 001\/2018 QUE ENTRE SI CELEBRAM O MUNIC\u00cdPIO DE TOCANTINS\/MG E A APAE (ASSOCIA\u00c7\u00c3O DE PAIS E AMIGOS DOS EXCEPCIONAIS)<br \/>OBJETO: TRANSFER\u00caNCIA DE RECURSOS PARA A PRESTA\u00c7\u00c3O DE SERVI\u00c7OS GRATUITOS DE EDUCA\u00c7\u00c3O, REALIZADOS PELA APAE.<br \/>VALOR:R$ 57.444,00.<br \/>VIG\u00caNCIA: 31 DE DEZEMBRO DE 2018<br \/>DATA: 08 DE MAR\u00c7O DE 2018.<\/p>\n","protected":false},"excerpt":{"rendered":"<p>TERMO DE COLABORA\u00c7\u00c3O N\u00ba 001\/2018TERMO DE COLABORA\u00c7\u00c3O N\u00ba 001\/2018 QUE ENTRE SI CELEBRAM O MUNIC\u00cdPIO DE TOCANTINS\/MG E A APAE (ASSOCIA\u00c7\u00c3O DE PAIS E AMIGOS DOS EXCEPCIONAIS)OBJETO: TRANSFER\u00caNCIA DE RECURSOS PARA A PRESTA\u00c7\u00c3O DE SERVI\u00c7OS GRATUITOS DE EDUCA\u00c7\u00c3O, REALIZADOS PELA APAE.VALOR:R$ 57.444,00.VIG\u00caNCIA: 31 DE DEZEMBRO DE 2018DATA: 08 DE MAR\u00c7O DE 2018.<\/p>\n","protected":false},"author":96,"featured_media":0,"comment_status":"closed","ping_status":"closed","sticky":false,"template":"","format":"standard","meta":{"footnotes":""},"categories":[307],"tags":[],"class_list":["post-93808","post","type-post","status-publish","format-standard","hentry","category-editais"],"_links":{"self":[{"href":"https:\/\/diarioregionaldigital.com.br\/index.php?rest_route=\/wp\/v2\/posts\/93808","targetHints":{"allow":["GET"]}}],"collection":[{"href":"https:\/\/diarioregionaldigital.com.br\/index.php?rest_route=\/wp\/v2\/posts"}],"about":[{"href":"https:\/\/diarioregionaldigital.com.br\/index.php?rest_route=\/wp\/v2\/types\/post"}],"author":[{"embeddable":true,"href":"https:\/\/diarioregionaldigital.com.br\/index.php?rest_route=\/wp\/v2\/users\/96"}],"replies":[{"embeddable":true,"href":"https:\/\/diarioregionaldigital.com.br\/index.php?rest_route=%2Fwp%2Fv2%2Fcomments&post=93808"}],"version-history":[{"count":0,"href":"https:\/\/diarioregionaldigital.com.br\/index.php?rest_route=\/wp\/v2\/posts\/93808\/revisions"}],"wp:attachment":[{"href":"https:\/\/diarioregionaldigital.com.br\/index.php?rest_route=%2Fwp%2Fv2%2Fmedia&parent=93808"}],"wp:term":[{"taxonomy":"category","embeddable":true,"href":"https:\/\/diarioregionaldigital.com.br\/index.php?rest_route=%2Fwp%2Fv2%2Fcategories&post=93808"},{"taxonomy":"post_tag","embeddable":true,"href":"https:\/\/diarioregionaldigital.com.br\/index.php?rest_route=%2Fwp%2Fv2%2Ftags&post=93808"}],"curies":[{"name":"wp","href":"https:\/\/api.w.org\/{rel}","templated":true}]}}